{"id":61131,"date":"2026-09-04T10:32:40","date_gmt":"2026-09-04T13:32:40","guid":{"rendered":"https:\/\/lt15concordia.com.ar\/?p=61131"},"modified":"2026-09-04T10:32:51","modified_gmt":"2026-09-04T13:32:51","slug":"la-contaminacion-del-pig-en-gualeguaychu-intereses-cruzados-y-justicia-penal","status":"publish","type":"post","link":"https:\/\/lt15concordia.com.ar\/index.php\/2026\/09\/04\/la-contaminacion-del-pig-en-gualeguaychu-intereses-cruzados-y-justicia-penal\/","title":{"rendered":"La contaminaci\u00f3n del PIG en Gualeguaych\u00fa: intereses cruzados y justicia penal"},"content":{"rendered":"<p>Hay casos que tardan d\u00e9cadas en llegar a la Justicia, y cuando llegan, ya hay demasiado da\u00f1o acumulado. El <strong>Parque Industrial de Gualeguaych\u00fa (PIG)<\/strong> es uno de esos casos: una historia de vertidos industriales sin control, una planta de tratamiento que nunca alcanz\u00f3, y directivos que, seg\u00fan la causa penal en curso, miraron para otro lado cuando aparecieron las v\u00edctimas.<\/p>\n<p>El PIG naci\u00f3 en <strong>1974<\/strong> con una misi\u00f3n clara: frenar la emigraci\u00f3n juvenil y diversificar la econom\u00eda local tras el cierre del Frigor\u00edfico Gualeguaych\u00fa. Se consolid\u00f3 con el <strong>Decreto Municipal N\u00b0 157\/75<\/strong> y el <strong>Decreto Provincial N\u00b0 417<\/strong>, y se emplaz\u00f3 en un predio de <strong>214 hect\u00e1reas<\/strong> en la intersecci\u00f3n de la <strong>Ruta Nacional N\u00b0 14<\/strong> y el Acceso Sur a la ciudad. En el dise\u00f1o original estaba prevista una Planta de Tratamiento de Efluentes, ubicada frente al parque, sobre la ruta. Los que lo planificaron creyeron que con esa planta el problema quedar\u00eda resuelto.<\/p>\n<p>No qued\u00f3 resuelto. La planta result\u00f3 chica, insuficiente para procesar los vertidos de las industrias que se fueron radicando: <strong>metal\u00fargicas, f\u00e1bricas de bater\u00edas, empresas qu\u00edmicas<\/strong> y muchos rubros m\u00e1s. Con los a\u00f1os, los cientos de trabajadores del parque sumaron tambi\u00e9n desechos cloacales al problema. El sistema colaps\u00f3 por acumulaci\u00f3n, no por un accidente puntual.<\/p>\n<p>El comportamiento de las empresas involucradas responde a una l\u00f3gica que no es nueva ni exclusiva de Gualeguaych\u00fa: liberar los residuos fuera del predio y trasladar el costo a la comunidad. Lo que los economistas llaman con elegancia <strong>&#8220;externalidades negativas&#8221;<\/strong> es, en t\u00e9rminos concretos, contaminar y que se haga cargo otro. Esta pr\u00e1ctica tiene antecedentes locales y regionales de sobra, desde el conflicto de Botnia hasta los debates actuales por el uso de agroqu\u00edmicos en la agricultura industrial.<\/p>\n<p>La <strong>CODEGU<\/strong> \u2014Corporaci\u00f3n del Desarrollo de Gualeguaych\u00fa, una ONG surgida del Centro Comercial local\u2014 fue quien impuls\u00f3 y gestion\u00f3 el PIG durante a\u00f1os, convirti\u00e9ndolo en uno de los parques industriales m\u00e1s activos del pa\u00eds. Pero esa misma estructura de conducci\u00f3n es la que hoy enfrenta la Justicia penal por no haber actuado frente a los reclamos de contaminaci\u00f3n. Seg\u00fan la causa, la actitud fue sistem\u00e1tica: cuando aparec\u00edan las v\u00edctimas, los directivos miraban para otro lado.<\/p>\n<p>El Municipio de Gualeguaych\u00fa, por su parte, nunca ejerci\u00f3 con autoridad su rol de polic\u00eda ambiental, dejando un vac\u00edo de control que permiti\u00f3 que la situaci\u00f3n se extendiera durante d\u00e9cadas sin consecuencias institucionales. La acumulaci\u00f3n de intereses \u2014industriales, comerciales, pol\u00edticos\u2014 gener\u00f3 un nudo que hoy solo la Justicia parece dispuesta a desatar. El procesamiento penal de los directivos del PIG marca un punto de inflexi\u00f3n: por primera vez, la responsabilidad por los vertidos tiene nombres y apellidos concretos ante un tribunal.<\/p>\n<p><script type=\"application\/ld+json\">{\"@context\": \"https:\/\/schema.org\", \"@type\": \"NewsArticle\", \"headline\": \"La contaminaci\u00f3n del PIG en Gualeguaych\u00fa: intereses cruzados y justicia penal\", \"description\": \"El Parque Industrial de Gualeguaych\u00fa acumula d\u00e9cadas de conflicto por efluentes sin tratar. Sus directivos est\u00e1n procesados penalmente.\", \"datePublished\": \"2026-09-04T10:32:51-03:00\", \"dateModified\": \"2026-09-04T10:32:51-03:00\", \"inLanguage\": \"es-AR\", \"articleSection\": \"sociedad\", \"author\": {\"@type\": \"Organization\", \"name\": \"Redaccion LT15 Concordia\", \"url\": \"https:\/\/lt15concordia.com.ar\"}, \"publisher\": {\"@type\": \"Organization\", \"name\": \"LT15 Concordia\"}, \"mainEntityOfPage\": {\"@type\": \"WebPage\", \"@id\": \"https:\/\/lt15concordia.com.ar\/index.php\/2026\/09\/04\/la-contaminacion-del-pig-en-gualeguaychu-intereses-cruzados-y-justicia-penal\/\"}, \"image\": [\"https:\/\/www.diariojunio.com.ar\/wp-content\/uploads\/2026\/09\/GCHU-Parque-Industrial.png\"]}<\/script><\/p>\n","protected":false},"excerpt":{"rendered":"<p>El Parque Industrial de Gualeguaych\u00fa acumula d\u00e9cadas de conflicto por efluentes sin tratar. Sus directivos est\u00e1n procesados penalmente.<\/p>\n","protected":false},"author":5,"featured_media":61130,"comment_status":"closed","ping_status":"closed","sticky":false,"template":"","format":"standard","meta":{"footnotes":""},"categories":[37],"tags":[4771,261,4772,1653,352,4773],"_links":{"self":[{"href":"https:\/\/lt15concordia.com.ar\/index.php\/wp-json\/wp\/v2\/posts\/61131"}],"collection":[{"href":"https:\/\/lt15concordia.com.ar\/index.php\/wp-json\/wp\/v2\/posts"}],"about":[{"href":"https:\/\/lt15concordia.com.ar\/index.php\/wp-json\/wp\/v2\/types\/post"}],"author":[{"embeddable":true,"href":"https:\/\/lt15concordia.com.ar\/index.php\/wp-json\/wp\/v2\/users\/5"}],"replies":[{"embeddable":true,"href":"https:\/\/lt15concordia.com.ar\/index.php\/wp-json\/wp\/v2\/comments?post=61131"}],"version-history":[{"count":2,"href":"https:\/\/lt15concordia.com.ar\/index.php\/wp-json\/wp\/v2\/posts\/61131\/revisions"}],"predecessor-version":[{"id":61133,"href":"https:\/\/lt15concordia.com.ar\/index.php\/wp-json\/wp\/v2\/posts\/61131\/revisions\/61133"}],"wp:featuredmedia":[{"embeddable":true,"href":"https:\/\/lt15concordia.com.ar\/index.php\/wp-json\/wp\/v2\/media\/61130"}],"wp:attachment":[{"href":"https:\/\/lt15concordia.com.ar\/index.php\/wp-json\/wp\/v2\/media?parent=61131"}],"wp:term":[{"taxonomy":"category","embeddable":true,"href":"https:\/\/lt15concordia.com.ar\/index.php\/wp-json\/wp\/v2\/categories?post=61131"},{"taxonomy":"post_tag","embeddable":true,"href":"https:\/\/lt15concordia.com.ar\/index.php\/wp-json\/wp\/v2\/tags?post=61131"}],"curies":[{"name":"wp","href":"https:\/\/api.w.org\/{rel}","templated":true}]}}