{"id":61123,"date":"2026-09-04T10:30:48","date_gmt":"2026-09-04T13:30:48","guid":{"rendered":"https:\/\/lt15concordia.com.ar\/?p=61123"},"modified":"2026-09-04T10:30:59","modified_gmt":"2026-09-04T13:30:59","slug":"becas-provinciales-cuando-cobran-los-estudiantes-en-septiembre","status":"publish","type":"post","link":"https:\/\/lt15concordia.com.ar\/index.php\/2026\/09\/04\/becas-provinciales-cuando-cobran-los-estudiantes-en-septiembre\/","title":{"rendered":"Becas provinciales: cu\u00e1ndo cobran los estudiantes en septiembre"},"content":{"rendered":"<p>Las fechas ya est\u00e1n. El <strong>Instituto Becario de Entre R\u00edos<\/strong> confirm\u00f3 el cronograma de acreditaci\u00f3n de becas provinciales para <strong>septiembre<\/strong>, y los estudiantes que esperaban la informaci\u00f3n ya pueden organizar sus tiempos.<\/p>\n<p>Los pagos se realizar\u00e1n a trav\u00e9s del <strong>Banco Entre R\u00edos<\/strong> y estar\u00e1n organizados seg\u00fan la <strong>terminaci\u00f3n del n\u00famero de DNI<\/strong>, el sistema habitual que escalonea los dep\u00f3sitos para evitar saturaci\u00f3n bancaria y garantizar que cada beneficiario acceda en su fecha correspondiente.<\/p>\n<p>Est\u00e1n incluidos en el cronograma los estudiantes de los tres niveles que reciben apoyo provincial: <strong>secundario, terciario y universitario<\/strong>. Una cobertura amplia que, en una provincia como Entre R\u00edos, representa un sost\u00e9n real para miles de familias que apuestan a la continuidad educativa de sus hijos en un contexto econ\u00f3mico que no da tregua.<\/p>\n<p>Quienes tengan dudas sobre su situaci\u00f3n particular o quieran verificar si est\u00e1n al d\u00eda con la documentaci\u00f3n requerida deben comunicarse con el <strong>Instituto Becario provincial<\/strong> o consultar a trav\u00e9s de los canales oficiales del organismo antes de la fecha de acreditaci\u00f3n que les corresponda.<\/p>\n<p><script type=\"application\/ld+json\">{\"@context\": \"https:\/\/schema.org\", \"@type\": \"NewsArticle\", \"headline\": \"Becas provinciales: cu\u00e1ndo cobran los estudiantes en septiembre\", \"description\": \"El Instituto Becario confirm\u00f3 el cronograma de pagos para alumnos secundarios, terciarios y universitarios. Los dep\u00f3sitos se hacen por terminaci\u00f3n de DNI.\", \"datePublished\": \"2026-09-04T10:30:59-03:00\", \"dateModified\": \"2026-09-04T10:30:59-03:00\", \"inLanguage\": \"es-AR\", \"articleSection\": \"educacion\", \"author\": {\"@type\": \"Organization\", \"name\": \"Redaccion LT15 Concordia\", \"url\": \"https:\/\/lt15concordia.com.ar\"}, \"publisher\": {\"@type\": \"Organization\", \"name\": \"LT15 Concordia\"}, \"mainEntityOfPage\": {\"@type\": \"WebPage\", \"@id\": \"https:\/\/lt15concordia.com.ar\/index.php\/2026\/09\/04\/becas-provinciales-cuando-cobran-los-estudiantes-en-septiembre\/\"}, \"image\": [\"https:\/\/elonce-media.elonce.com\/fotos\/2026\/03\/04\/m_1772631087_22517.webp\"]}<\/script><\/p>\n","protected":false},"excerpt":{"rendered":"<p>El Instituto Becario confirm\u00f3 el cronograma de pagos para alumnos secundarios, terciarios y universitarios. Los dep\u00f3sitos se hacen por terminaci\u00f3n de DNI.<\/p>\n","protected":false},"author":5,"featured_media":61122,"comment_status":"closed","ping_status":"closed","sticky":false,"template":"","format":"standard","meta":{"footnotes":""},"categories":[37],"tags":[629,4768,76,63,135,168],"_links":{"self":[{"href":"https:\/\/lt15concordia.com.ar\/index.php\/wp-json\/wp\/v2\/posts\/61123"}],"collection":[{"href":"https:\/\/lt15concordia.com.ar\/index.php\/wp-json\/wp\/v2\/posts"}],"about":[{"href":"https:\/\/lt15concordia.com.ar\/index.php\/wp-json\/wp\/v2\/types\/post"}],"author":[{"embeddable":true,"href":"https:\/\/lt15concordia.com.ar\/index.php\/wp-json\/wp\/v2\/users\/5"}],"replies":[{"embeddable":true,"href":"https:\/\/lt15concordia.com.ar\/index.php\/wp-json\/wp\/v2\/comments?post=61123"}],"version-history":[{"count":2,"href":"https:\/\/lt15concordia.com.ar\/index.php\/wp-json\/wp\/v2\/posts\/61123\/revisions"}],"predecessor-version":[{"id":61125,"href":"https:\/\/lt15concordia.com.ar\/index.php\/wp-json\/wp\/v2\/posts\/61123\/revisions\/61125"}],"wp:featuredmedia":[{"embeddable":true,"href":"https:\/\/lt15concordia.com.ar\/index.php\/wp-json\/wp\/v2\/media\/61122"}],"wp:attachment":[{"href":"https:\/\/lt15concordia.com.ar\/index.php\/wp-json\/wp\/v2\/media?parent=61123"}],"wp:term":[{"taxonomy":"category","embeddable":true,"href":"https:\/\/lt15concordia.com.ar\/index.php\/wp-json\/wp\/v2\/categories?post=61123"},{"taxonomy":"post_tag","embeddable":true,"href":"https:\/\/lt15concordia.com.ar\/index.php\/wp-json\/wp\/v2\/tags?post=61123"}],"curies":[{"name":"wp","href":"https:\/\/api.w.org\/{rel}","templated":true}]}}