{"id":61111,"date":"2026-09-04T09:31:04","date_gmt":"2026-09-04T12:31:04","guid":{"rendered":"https:\/\/lt15concordia.com.ar\/?p=61111"},"modified":"2026-09-04T09:31:14","modified_gmt":"2026-09-04T12:31:14","slug":"pami-y-sanatorio-concordia-el-concejo-cita-a-las-partes-por-15000-jubilados-en-r","status":"publish","type":"post","link":"https:\/\/lt15concordia.com.ar\/index.php\/2026\/09\/04\/pami-y-sanatorio-concordia-el-concejo-cita-a-las-partes-por-15000-jubilados-en-r\/","title":{"rendered":"PAMI y Sanatorio Concordia: el Concejo cita a las partes por 15.000 jubilados en riesgo"},"content":{"rendered":"<p>El reloj corre y los jubilados de <strong>Concordia<\/strong> miran el calendario con preocupaci\u00f3n. La posible ruptura del convenio entre <strong>PAMI<\/strong> y el <strong>Sanatorio Concordia<\/strong> pone en jaque la atenci\u00f3n de <strong>m\u00e1s de 15.000 afiliados<\/strong>, y el <strong>Concejo Deliberante<\/strong> decidi\u00f3 mover fichas antes de que el da\u00f1o sea irreversible.<\/p>\n<p>La resoluci\u00f3n aprobada por el cuerpo convoca a las autoridades de ambas instituciones a una reuni\u00f3n que, seg\u00fan la concejal <strong>Villalba<\/strong>, debe realizarse \u00aba la mayor brevedad posible\u00bb. A\u00fan no hay fecha confirmada. El conflicto de fondo no es nuevo: los sanatorios privados siguen cobrando con <strong>aranceles del a\u00f1o 2024<\/strong>, mientras los costos operativos no paran de escalar. \u00abNo se pueden mantener con los mismos costos\u00bb, sintetiz\u00f3 la concejal <strong>Carolina Amiano<\/strong> del bloque <strong>PJ<\/strong>, quien junto a Villalba se reuni\u00f3 con el directorio del Sanatorio hace dos semanas y luego con la responsable del PAMI local, <strong>Karina Bernardi<\/strong>.<\/p>\n<p>La resoluci\u00f3n advierte con claridad lo que est\u00e1 en juego: la interrupci\u00f3n de las prestaciones podr\u00eda derivar en la <strong>suspensi\u00f3n de cirug\u00edas programadas<\/strong>, demoras en <strong>tratamientos oncol\u00f3gicos<\/strong> y dificultades para acceder a prestaciones b\u00e1sicas de salud. No son escenarios abstractos; son consecuencias concretas sobre personas concretas.<\/p>\n<p>El punto m\u00e1s caliente de la sesi\u00f3n fue el art\u00edculo que instaba al <strong>Ejecutivo Municipal<\/strong> a pedirle al <strong>Ministerio de Salud de la Provincia<\/strong> un plan de contingencia preventivo para los hospitales <strong>Masvernat<\/strong> y <strong>Heras<\/strong>. Ese art\u00edculo fue eliminado en un cuarto intermedio, a pedido del bloque del <strong>oficialismo<\/strong> y de <strong>La Libertad Avanza<\/strong>. La concejal <strong>Yaiza Pessolani Bechet<\/strong> de LLA cuestion\u00f3 que se hablara de \u00abcolapso\u00bb sin datos concretos sobre capacidad hospitalaria y disponibilidad de camas. \u00abUna cosa es compartir esta preocupaci\u00f3n y otra es afirmar escenarios sin todos los elementos necesarios\u00bb, dijo desde el recinto.<\/p>\n<p>Villalba no baj\u00f3 el tono. Se\u00f1al\u00f3 que si el plazo normal de una cirug\u00eda programada ya es de cuatro o cinco meses, ese tiempo se estirar\u00e1 a\u00fan m\u00e1s si los pacientes migran al sistema p\u00fablico. Y aunque no haya un colapso en el sentido estricto, la incorporaci\u00f3n de <strong>15.000 jubilados<\/strong> al hospital p\u00fablico implica menos recursos disponibles para quienes ya hoy no tienen acceso a la medicina privada. \u00abEllos desconocen la realidad de lo que est\u00e1 sucediendo en salud p\u00fablica\u00bb, dispar\u00f3 la edil.<\/p>\n<p>El contexto social que pint\u00f3 Villalba es duro: <strong>12.000 puestos de trabajo perdidos en la provincia<\/strong>, de los cuales entre el <strong>25 y el 30 por ciento<\/strong> corresponden a Concordia. Multiplicado por el grupo familiar, el impacto se vuelve masivo. A eso se suman quienes abandonaron su prepaga por no poder pagarla, monotributistas en la misma situaci\u00f3n y afiliados a obras sociales con problemas financieros que terminan haciendo fila en los hospitales. \u00abNo podemos mirar para otro lado y fingir que no pasa nada. Estamos en una crisis muy importante\u00bb, remarc\u00f3.<\/p>\n<p>El Concejo logr\u00f3 al menos una unanimidad parcial: la convocatoria a las partes fue votada por todos los bloques. Ahora la pelota queda en manos del <strong>Sanatorio Concordia<\/strong>, de <strong>PAMI<\/strong> y del tiempo que reste antes de que el convenio se interrumpa definitivamente.<\/p>\n<p><script type=\"application\/ld+json\">{\"@context\": \"https:\/\/schema.org\", \"@type\": \"NewsArticle\", \"headline\": \"PAMI y Sanatorio Concordia: el Concejo cita a las partes por 15.000 jubilados en riesgo\", \"description\": \"El Concejo Deliberante de Concordia convocar\u00e1 a autoridades del Sanatorio y PAMI ante la posible ruptura del convenio que afectar\u00eda a m\u00e1s de 15.000 afiliados.\", \"datePublished\": \"2026-09-04T09:31:14-03:00\", \"dateModified\": \"2026-09-04T09:31:14-03:00\", \"inLanguage\": \"es-AR\", \"articleSection\": \"salud\", \"author\": {\"@type\": \"Organization\", \"name\": \"Redaccion LT15 Concordia\", \"url\": \"https:\/\/lt15concordia.com.ar\"}, \"publisher\": {\"@type\": \"Organization\", \"name\": \"LT15 Concordia\"}, \"mainEntityOfPage\": {\"@type\": \"WebPage\", \"@id\": \"https:\/\/lt15concordia.com.ar\/index.php\/2026\/09\/04\/pami-y-sanatorio-concordia-el-concejo-cita-a-las-partes-por-15000-jubilados-en-r\/\"}, \"image\": [\"https:\/\/www.diariojunio.com.ar\/wp-content\/uploads\/2026\/04\/cartel-pami.jpg\"]}<\/script><\/p>\n","protected":false},"excerpt":{"rendered":"<p>El Concejo Deliberante de Concordia convocar\u00e1 a autoridades del Sanatorio y PAMI ante la posible ruptura del convenio que afectar\u00eda a m\u00e1s de 15.000 afiliados.<\/p>\n","protected":false},"author":5,"featured_media":61110,"comment_status":"closed","ping_status":"closed","sticky":false,"template":"","format":"standard","meta":{"footnotes":""},"categories":[30],"tags":[248,41,131,289,87,2138],"_links":{"self":[{"href":"https:\/\/lt15concordia.com.ar\/index.php\/wp-json\/wp\/v2\/posts\/61111"}],"collection":[{"href":"https:\/\/lt15concordia.com.ar\/index.php\/wp-json\/wp\/v2\/posts"}],"about":[{"href":"https:\/\/lt15concordia.com.ar\/index.php\/wp-json\/wp\/v2\/types\/post"}],"author":[{"embeddable":true,"href":"https:\/\/lt15concordia.com.ar\/index.php\/wp-json\/wp\/v2\/users\/5"}],"replies":[{"embeddable":true,"href":"https:\/\/lt15concordia.com.ar\/index.php\/wp-json\/wp\/v2\/comments?post=61111"}],"version-history":[{"count":2,"href":"https:\/\/lt15concordia.com.ar\/index.php\/wp-json\/wp\/v2\/posts\/61111\/revisions"}],"predecessor-version":[{"id":61113,"href":"https:\/\/lt15concordia.com.ar\/index.php\/wp-json\/wp\/v2\/posts\/61111\/revisions\/61113"}],"wp:featuredmedia":[{"embeddable":true,"href":"https:\/\/lt15concordia.com.ar\/index.php\/wp-json\/wp\/v2\/media\/61110"}],"wp:attachment":[{"href":"https:\/\/lt15concordia.com.ar\/index.php\/wp-json\/wp\/v2\/media?parent=61111"}],"wp:term":[{"taxonomy":"category","embeddable":true,"href":"https:\/\/lt15concordia.com.ar\/index.php\/wp-json\/wp\/v2\/categories?post=61111"},{"taxonomy":"post_tag","embeddable":true,"href":"https:\/\/lt15concordia.com.ar\/index.php\/wp-json\/wp\/v2\/tags?post=61111"}],"curies":[{"name":"wp","href":"https:\/\/api.w.org\/{rel}","templated":true}]}}