{"id":61107,"date":"2026-09-04T08:32:22","date_gmt":"2026-09-04T11:32:22","guid":{"rendered":"https:\/\/lt15concordia.com.ar\/?p=61107"},"modified":"2026-09-04T08:32:33","modified_gmt":"2026-09-04T11:32:33","slug":"mas-de-cinco-anos-de-prision-por-balear-a-un-comisario-en-parana","status":"publish","type":"post","link":"https:\/\/lt15concordia.com.ar\/index.php\/2026\/09\/04\/mas-de-cinco-anos-de-prision-por-balear-a-un-comisario-en-parana\/","title":{"rendered":"M\u00e1s de cinco a\u00f1os de prisi\u00f3n por balear a un comisario en Paran\u00e1"},"content":{"rendered":"<p>Dos disparos dentro de un centro de salud, con m\u00e9dicos, enfermeros y pacientes en el lugar. Ese es el hecho que le cost\u00f3 a <strong>Alberto Morales<\/strong> una condena de <strong>m\u00e1s de cinco a\u00f1os de prisi\u00f3n<\/strong> en <strong>Paran\u00e1<\/strong>, capital de Entre R\u00edos.<\/p>\n<p>Morales fue condenado por balear al <strong>comisario Gast\u00f3n Heinze<\/strong> en el interior del <strong>Centro de Salud Carrillo<\/strong>. Seg\u00fan se estableci\u00f3 en el juicio, el acusado le quit\u00f3 el arma a otro efectivo policial y realiz\u00f3 dos disparos dentro del establecimiento, en un espacio donde conviv\u00edan personal m\u00e9dico, enfermeros y civiles que nada ten\u00edan que ver con el conflicto.<\/p>\n<p>La pena acordada fue <strong>unificada con una condena anterior<\/strong> que Morales ya ten\u00eda vigente, lo que determin\u00f3 la cifra final de la sanci\u00f3n. El mecanismo de unificaci\u00f3n es habitual cuando el condenado acumula causas penales abiertas, y en este caso result\u00f3 en una pena que supera los cinco a\u00f1os de encierro.<\/p>\n<p>El hecho en s\u00ed habla de un nivel de violencia que resulta dif\u00edcil de ignorar: desarmar a un polic\u00eda y abrir fuego en un centro de salud no es un arrebato menor. Es un acto que pone en riesgo a decenas de personas que acuden a ese lugar a atenderse o a trabajar, no a exponerse al fuego cruzado. Que el blanco haya sido un comisario no cambia la gravedad de lo que ocurri\u00f3 en ese pasillo.<\/p>\n<p>Con la condena acordada, el caso queda cerrado judicialmente en <strong>Paran\u00e1<\/strong>, aunque la imagen de esos dos disparos dentro del Carrillo dif\u00edcilmente se borre de la memoria de quienes estuvieron presentes aquel d\u00eda.<\/p>\n<p><script type=\"application\/ld+json\">{\"@context\": \"https:\/\/schema.org\", \"@type\": \"NewsArticle\", \"headline\": \"M\u00e1s de cinco a\u00f1os de prisi\u00f3n por balear a un comisario en Paran\u00e1\", \"description\": \"Alberto Morales acord\u00f3 una condena por disparar contra el comisario Gast\u00f3n Heinze dentro del Centro de Salud Carrillo de Paran\u00e1, tras quitarle el arma a otro polic\u00eda.\", \"datePublished\": \"2026-09-04T08:32:33-03:00\", \"dateModified\": \"2026-09-04T08:32:33-03:00\", \"inLanguage\": \"es-AR\", \"articleSection\": \"seguridad\", \"author\": {\"@type\": \"Organization\", \"name\": \"Redaccion LT15 Concordia\", \"url\": \"https:\/\/lt15concordia.com.ar\"}, \"publisher\": {\"@type\": \"Organization\", \"name\": \"LT15 Concordia\"}, \"mainEntityOfPage\": {\"@type\": \"WebPage\", \"@id\": \"https:\/\/lt15concordia.com.ar\/index.php\/2026\/09\/04\/mas-de-cinco-anos-de-prision-por-balear-a-un-comisario-en-parana\/\"}, \"image\": [\"https:\/\/elonce-media.elonce.com\/fotos\/2026\/03\/08\/m_1772986550_56233.webp\"]}<\/script><\/p>\n","protected":false},"excerpt":{"rendered":"<p>Alberto Morales acord\u00f3 una condena por disparar contra el comisario Gast\u00f3n Heinze dentro del Centro de Salud Carrillo de Paran\u00e1, tras quitarle el arma a otro polic\u00eda.<\/p>\n","protected":false},"author":5,"featured_media":61106,"comment_status":"closed","ping_status":"closed","sticky":false,"template":"","format":"standard","meta":{"footnotes":""},"categories":[33,37],"tags":[1685,4762,1479,63,67,2205],"_links":{"self":[{"href":"https:\/\/lt15concordia.com.ar\/index.php\/wp-json\/wp\/v2\/posts\/61107"}],"collection":[{"href":"https:\/\/lt15concordia.com.ar\/index.php\/wp-json\/wp\/v2\/posts"}],"about":[{"href":"https:\/\/lt15concordia.com.ar\/index.php\/wp-json\/wp\/v2\/types\/post"}],"author":[{"embeddable":true,"href":"https:\/\/lt15concordia.com.ar\/index.php\/wp-json\/wp\/v2\/users\/5"}],"replies":[{"embeddable":true,"href":"https:\/\/lt15concordia.com.ar\/index.php\/wp-json\/wp\/v2\/comments?post=61107"}],"version-history":[{"count":2,"href":"https:\/\/lt15concordia.com.ar\/index.php\/wp-json\/wp\/v2\/posts\/61107\/revisions"}],"predecessor-version":[{"id":61109,"href":"https:\/\/lt15concordia.com.ar\/index.php\/wp-json\/wp\/v2\/posts\/61107\/revisions\/61109"}],"wp:featuredmedia":[{"embeddable":true,"href":"https:\/\/lt15concordia.com.ar\/index.php\/wp-json\/wp\/v2\/media\/61106"}],"wp:attachment":[{"href":"https:\/\/lt15concordia.com.ar\/index.php\/wp-json\/wp\/v2\/media?parent=61107"}],"wp:term":[{"taxonomy":"category","embeddable":true,"href":"https:\/\/lt15concordia.com.ar\/index.php\/wp-json\/wp\/v2\/categories?post=61107"},{"taxonomy":"post_tag","embeddable":true,"href":"https:\/\/lt15concordia.com.ar\/index.php\/wp-json\/wp\/v2\/tags?post=61107"}],"curies":[{"name":"wp","href":"https:\/\/api.w.org\/{rel}","templated":true}]}}