{"id":61092,"date":"2026-09-04T07:31:06","date_gmt":"2026-09-04T10:31:06","guid":{"rendered":"https:\/\/lt15concordia.com.ar\/?p=61092"},"modified":"2026-09-04T07:31:16","modified_gmt":"2026-09-04T10:31:16","slug":"colello-la-diplomacia-de-frigerio-evito-la-planta-en-colon","status":"publish","type":"post","link":"https:\/\/lt15concordia.com.ar\/index.php\/2026\/09\/04\/colello-la-diplomacia-de-frigerio-evito-la-planta-en-colon\/","title":{"rendered":"Colello: la diplomacia de Frigerio evit\u00f3 la planta en Col\u00f3n"},"content":{"rendered":"<p>El tiempo y la paciencia le dieron la raz\u00f3n. Un funcionario provincial sali\u00f3 a poner en valor el trabajo silencioso que llev\u00f3 adelante el gobernador <strong>Rogelio Frigerio<\/strong> para evitar que una planta industrial se instalara en un punto que habr\u00eda golpeado de lleno a <strong>Col\u00f3n<\/strong>, una de las ciudades tur\u00edsticas m\u00e1s importantes de <strong>Entre R\u00edos<\/strong>.<\/p>\n<p>Quien habl\u00f3 fue <strong>Colello<\/strong>, que no escatim\u00f3 en elogios hacia la gesti\u00f3n provincial. &#8220;<strong>Frigerio siempre estuvo convencido de que el camino era el di\u00e1logo y la diplomacia<\/strong>&#8220;, afirm\u00f3, y remarc\u00f3 que desde el primer d\u00eda de la administraci\u00f3n se ten\u00eda claro el riesgo que representaba la ubicaci\u00f3n original de la planta. &#8220;Sab\u00edamos perfectamente el impacto negativo que iba a tener la instalaci\u00f3n de la planta en donde se hab\u00eda pensado originalmente&#8221;, se\u00f1al\u00f3, haciendo hincapi\u00e9 en el perfil tur\u00edstico de <strong>Col\u00f3n<\/strong> y en lo que estaba en juego para sus vecinos y para la econom\u00eda local.<\/p>\n<p>El funcionario subray\u00f3 que la decisi\u00f3n de apostar por la v\u00eda diplom\u00e1tica con las <strong>autoridades uruguayas<\/strong> fue una apuesta consciente y sostenida. &#8220;Siempre tuvimos la confianza y la convicci\u00f3n de que eso iba a traer buenos resultados&#8221;, afirm\u00f3. No fue un camino corto ni sencillo, pero el resultado, seg\u00fan Colello, justific\u00f3 cada paso.<\/p>\n<p>&#8220;Por suerte, el tiempo, el trabajo y la diplomacia que llev\u00f3 el gobernador de forma personal trajeron resultados positivos&#8221;, valor\u00f3. La frase resume una estrategia que eligi\u00f3 el perfil bajo y la negociaci\u00f3n por sobre la confrontaci\u00f3n, algo que no siempre es la opci\u00f3n m\u00e1s visible pero que, en este caso, habr\u00eda dado sus frutos.<\/p>\n<p>&#8220;<strong>Logramos lo que quer\u00edamos todos los entrerrianos<\/strong> y, en particular, los vecinos de Col\u00f3n, que era evitar que la planta se instale donde se iba a instalar, con todos los efectos negativos que iba a traer para la ciudad&#8221;, cerr\u00f3 Colello. La definici\u00f3n marca un punto de inflexi\u00f3n en un conflicto que involucr\u00f3 intereses provinciales, tur\u00edsticos y diplom\u00e1ticos, y que ahora la gesti\u00f3n Frigerio exhibe como uno de sus logros de gesti\u00f3n.<\/p>\n<p><script type=\"application\/ld+json\">{\"@context\": \"https:\/\/schema.org\", \"@type\": \"NewsArticle\", \"headline\": \"Colello: la diplomacia de Frigerio evit\u00f3 la planta en Col\u00f3n\", \"description\": \"El funcionario destac\u00f3 el rol personal del gobernador para impedir la instalaci\u00f3n de la planta en la ciudad tur\u00edstica entrerriana.\", \"datePublished\": \"2026-09-04T07:31:16-03:00\", \"dateModified\": \"2026-09-04T07:31:16-03:00\", \"inLanguage\": \"es-AR\", \"articleSection\": \"politica\", \"author\": {\"@type\": \"Organization\", \"name\": \"Redaccion LT15 Concordia\", \"url\": \"https:\/\/lt15concordia.com.ar\"}, \"publisher\": {\"@type\": \"Organization\", \"name\": \"LT15 Concordia\"}, \"mainEntityOfPage\": {\"@type\": \"WebPage\", \"@id\": \"https:\/\/lt15concordia.com.ar\/index.php\/2026\/09\/04\/colello-la-diplomacia-de-frigerio-evito-la-planta-en-colon\/\"}, \"image\": [\"https:\/\/www.diariojunio.com.ar\/wp-content\/uploads\/2026\/09\/colello.jpg\"]}<\/script><\/p>\n","protected":false},"excerpt":{"rendered":"<p>El funcionario destac\u00f3 el rol personal del gobernador para impedir la instalaci\u00f3n de la planta en la ciudad tur\u00edstica entrerriana.<\/p>\n","protected":false},"author":5,"featured_media":61091,"comment_status":"closed","ping_status":"closed","sticky":false,"template":"","format":"standard","meta":{"footnotes":""},"categories":[37],"tags":[270,3140,63,837,4758,124],"_links":{"self":[{"href":"https:\/\/lt15concordia.com.ar\/index.php\/wp-json\/wp\/v2\/posts\/61092"}],"collection":[{"href":"https:\/\/lt15concordia.com.ar\/index.php\/wp-json\/wp\/v2\/posts"}],"about":[{"href":"https:\/\/lt15concordia.com.ar\/index.php\/wp-json\/wp\/v2\/types\/post"}],"author":[{"embeddable":true,"href":"https:\/\/lt15concordia.com.ar\/index.php\/wp-json\/wp\/v2\/users\/5"}],"replies":[{"embeddable":true,"href":"https:\/\/lt15concordia.com.ar\/index.php\/wp-json\/wp\/v2\/comments?post=61092"}],"version-history":[{"count":2,"href":"https:\/\/lt15concordia.com.ar\/index.php\/wp-json\/wp\/v2\/posts\/61092\/revisions"}],"predecessor-version":[{"id":61094,"href":"https:\/\/lt15concordia.com.ar\/index.php\/wp-json\/wp\/v2\/posts\/61092\/revisions\/61094"}],"wp:featuredmedia":[{"embeddable":true,"href":"https:\/\/lt15concordia.com.ar\/index.php\/wp-json\/wp\/v2\/media\/61091"}],"wp:attachment":[{"href":"https:\/\/lt15concordia.com.ar\/index.php\/wp-json\/wp\/v2\/media?parent=61092"}],"wp:term":[{"taxonomy":"category","embeddable":true,"href":"https:\/\/lt15concordia.com.ar\/index.php\/wp-json\/wp\/v2\/categories?post=61092"},{"taxonomy":"post_tag","embeddable":true,"href":"https:\/\/lt15concordia.com.ar\/index.php\/wp-json\/wp\/v2\/tags?post=61092"}],"curies":[{"name":"wp","href":"https:\/\/api.w.org\/{rel}","templated":true}]}}