{"id":61084,"date":"2026-09-04T06:31:01","date_gmt":"2026-09-04T09:31:01","guid":{"rendered":"https:\/\/lt15concordia.com.ar\/?p=61084"},"modified":"2026-09-04T06:31:12","modified_gmt":"2026-09-04T09:31:12","slug":"persianas-bajas-el-15-de-los-locales-centricos-de-concordia-vacios","status":"publish","type":"post","link":"https:\/\/lt15concordia.com.ar\/index.php\/2026\/09\/04\/persianas-bajas-el-15-de-los-locales-centricos-de-concordia-vacios\/","title":{"rendered":"Persianas bajas: el 15% de los locales c\u00e9ntricos de Concordia, vac\u00edos"},"content":{"rendered":"<p>Las persianas bajas ya no son una excepci\u00f3n: son una postal que se repite en los centros comerciales de las principales ciudades del pa\u00eds, y <strong>Concordia<\/strong> no escapa a esa tendencia. Un relevamiento reciente arroj\u00f3 que el <strong>15% de los espacios c\u00e9ntricos analizados<\/strong> en la ciudad estaba vac\u00edo, una cifra que habla de un tejido comercial bajo presi\u00f3n.<\/p>\n<p>El fen\u00f3meno tiene escala nacional. Un informe de la <strong>C\u00e1mara Argentina de Comercio (CAC)<\/strong> detect\u00f3 <strong>284 locales sin actividad<\/strong> en zonas comerciales de la Ciudad Aut\u00f3noma de Buenos Aires. Pero lo que antes parec\u00eda un problema porte\u00f1o se est\u00e1 replicando en el interior: en <strong>Paran\u00e1<\/strong>, relevamientos registraron <strong>m\u00e1s de 100 persianas bajas<\/strong> en \u00e1reas comerciales clave.<\/p>\n<p>\u00bfCu\u00e1ntos de esos locales cerrados vuelven a abrir? Esa es la pregunta que desvela a comerciantes, c\u00e1maras empresariales y funcionarios municipales. Porque no es lo mismo un local que cierra temporalmente que uno que directamente no encuentra nuevo inquilino ni nuevo due\u00f1o dispuesto a apostar.<\/p>\n<p>El dato de <strong>Concordia<\/strong> es especialmente significativo si se considera que el centro comercial de la ciudad ya ven\u00eda golpeado por a\u00f1os de econom\u00eda inestable, ca\u00edda del consumo y competencia de formatos alternativos. Un <strong>15% de vacancia<\/strong> en el coraz\u00f3n comercial no es una se\u00f1al menor: es una advertencia sobre el estado real de la actividad econ\u00f3mica a nivel de calle.<\/p>\n<p>El escenario que describen estos n\u00fameros es el de una econom\u00eda que, m\u00e1s all\u00e1 de los indicadores macroecon\u00f3micos, todav\u00eda no logra traducirse en dinamismo concreto para el comercio minorista. Mientras los grandes \u00edndices muestran cierta estabilizaci\u00f3n, el que camina por el centro de <strong>Concordia o Paran\u00e1<\/strong> ve otra pel\u00edcula: locales tapiados, carteles de alquiler que llevan meses colgados y menos movimiento en las veredas.<\/p>\n<p>La vacancia comercial no es solo un problema est\u00e9tico ni inmobiliario. Implica menos empleo, menos recaudaci\u00f3n municipal y un deterioro gradual de la vida urbana en los espacios que hist\u00f3ricamente fueron el coraz\u00f3n econ\u00f3mico de cada ciudad. Monitorear esa cifra y actuar sobre sus causas es una tarea que no puede esperar.<\/p>\n<p><script type=\"application\/ld+json\">{\"@context\": \"https:\/\/schema.org\", \"@type\": \"NewsArticle\", \"headline\": \"Persianas bajas: el 15% de los locales c\u00e9ntricos de Concordia, vac\u00edos\", \"description\": \"Un relevamiento detect\u00f3 que el 15% de los espacios comerciales c\u00e9ntricos de Concordia est\u00e1 sin actividad. En Paran\u00e1 superan los 100 locales cerrados.\", \"datePublished\": \"2026-09-04T06:31:11-03:00\", \"dateModified\": \"2026-09-04T06:31:11-03:00\", \"inLanguage\": \"es-AR\", \"articleSection\": \"economia\", \"author\": {\"@type\": \"Organization\", \"name\": \"Redaccion LT15 Concordia\", \"url\": \"https:\/\/lt15concordia.com.ar\"}, \"publisher\": {\"@type\": \"Organization\", \"name\": \"LT15 Concordia\"}, \"mainEntityOfPage\": {\"@type\": \"WebPage\", \"@id\": \"https:\/\/lt15concordia.com.ar\/index.php\/2026\/09\/04\/persianas-bajas-el-15-de-los-locales-centricos-de-concordia-vacios\/\"}, \"image\": [\"https:\/\/elonce-media.elonce.com\/fotos\/2026\/05\/18\/m_1779114746_37054.webp\"]}<\/script><\/p>\n","protected":false},"excerpt":{"rendered":"<p>Un relevamiento detect\u00f3 que el 15% de los espacios comerciales c\u00e9ntricos de Concordia est\u00e1 sin actividad. En Paran\u00e1 superan los 100 locales cerrados.<\/p>\n","protected":false},"author":5,"featured_media":61083,"comment_status":"closed","ping_status":"closed","sticky":false,"template":"","format":"standard","meta":{"footnotes":""},"categories":[37],"tags":[3028,630,41,1913,4755,67],"_links":{"self":[{"href":"https:\/\/lt15concordia.com.ar\/index.php\/wp-json\/wp\/v2\/posts\/61084"}],"collection":[{"href":"https:\/\/lt15concordia.com.ar\/index.php\/wp-json\/wp\/v2\/posts"}],"about":[{"href":"https:\/\/lt15concordia.com.ar\/index.php\/wp-json\/wp\/v2\/types\/post"}],"author":[{"embeddable":true,"href":"https:\/\/lt15concordia.com.ar\/index.php\/wp-json\/wp\/v2\/users\/5"}],"replies":[{"embeddable":true,"href":"https:\/\/lt15concordia.com.ar\/index.php\/wp-json\/wp\/v2\/comments?post=61084"}],"version-history":[{"count":2,"href":"https:\/\/lt15concordia.com.ar\/index.php\/wp-json\/wp\/v2\/posts\/61084\/revisions"}],"predecessor-version":[{"id":61086,"href":"https:\/\/lt15concordia.com.ar\/index.php\/wp-json\/wp\/v2\/posts\/61084\/revisions\/61086"}],"wp:featuredmedia":[{"embeddable":true,"href":"https:\/\/lt15concordia.com.ar\/index.php\/wp-json\/wp\/v2\/media\/61083"}],"wp:attachment":[{"href":"https:\/\/lt15concordia.com.ar\/index.php\/wp-json\/wp\/v2\/media?parent=61084"}],"wp:term":[{"taxonomy":"category","embeddable":true,"href":"https:\/\/lt15concordia.com.ar\/index.php\/wp-json\/wp\/v2\/categories?post=61084"},{"taxonomy":"post_tag","embeddable":true,"href":"https:\/\/lt15concordia.com.ar\/index.php\/wp-json\/wp\/v2\/tags?post=61084"}],"curies":[{"name":"wp","href":"https:\/\/api.w.org\/{rel}","templated":true}]}}