{"id":61080,"date":"2026-09-03T22:31:50","date_gmt":"2026-09-04T01:31:50","guid":{"rendered":"https:\/\/lt15concordia.com.ar\/?p=61080"},"modified":"2026-09-03T22:32:01","modified_gmt":"2026-09-04T01:32:01","slug":"parana-festejo-la-historieta-con-arte-tinta-y-trabajo-independiente","status":"publish","type":"post","link":"https:\/\/lt15concordia.com.ar\/index.php\/2026\/09\/03\/parana-festejo-la-historieta-con-arte-tinta-y-trabajo-independiente\/","title":{"rendered":"Paran\u00e1 festej\u00f3 la historieta con arte, tinta y trabajo independiente"},"content":{"rendered":"<p>Hubo tinta, papel y mucho orgullo de oficio. <strong>Paran\u00e1<\/strong> celebr\u00f3 el <strong>D\u00eda de la Historieta Argentina<\/strong> con una jornada que reuni\u00f3 a artistas y editores en la <strong>Escuela de Artes Visuales<\/strong> de la capital entrerriana, en un encuentro que puso en valor tanto la creatividad como el trabajo independiente que sostiene a este arte desde hace d\u00e9cadas.<\/p>\n<p>La convocatoria trajo a ilustradores, guionistas y editores de <strong>Entre R\u00edos<\/strong> y <strong>Santa Fe<\/strong>, que exhibieron sus trabajos, revistas, ilustraciones y expresiones gr\u00e1ficas en un espacio que, por unas horas, se convirti\u00f3 en un muestrario vivo de lo que produce el circuito independiente de la regi\u00f3n. Nada de grandes sellos ni de presupuestos abultados: pura gesti\u00f3n propia, vocaci\u00f3n y amor por el g\u00e9nero.<\/p>\n<p>La historieta argentina tiene una historia enorme a sus espaldas, desde las p\u00e1ginas m\u00edticas de <strong>Patoruz\u00fa<\/strong> hasta las publicaciones underground que circularon en fotocopias durante los a\u00f1os m\u00e1s duros. Que hoy artistas de la regi\u00f3n se junten a celebrarla y a mostrar lo que hacen es una se\u00f1al de que el g\u00e9nero no solo sobrevive, sino que tiene pulso propio fuera de Buenos Aires.<\/p>\n<p>El encuentro en la <strong>Escuela de Artes Visuales de Paran\u00e1<\/strong> fue tambi\u00e9n una oportunidad para visibilizar el trabajo de quienes producen sin red: sin distribuci\u00f3n masiva, sin apoyo institucional garantizado, con la convicci\u00f3n de que una buena historia bien dibujada vale la pena aunque la tiraje sea de doscientos ejemplares. Esa es, en definitiva, la columna vertebral del movimiento independiente.<\/p>\n<p><script type=\"application\/ld+json\">{\"@context\": \"https:\/\/schema.org\", \"@type\": \"NewsArticle\", \"headline\": \"Paran\u00e1 festej\u00f3 la historieta con arte, tinta y trabajo independiente\", \"description\": \"La Escuela de Artes Visuales de Paran\u00e1 fue el escenario del D\u00eda de la Historieta Argentina, con artistas de Entre R\u00edos y Santa Fe.\", \"datePublished\": \"2026-09-03T22:32:00-03:00\", \"dateModified\": \"2026-09-03T22:32:00-03:00\", \"inLanguage\": \"es-AR\", \"articleSection\": \"cultura\", \"author\": {\"@type\": \"Organization\", \"name\": \"Redaccion LT15 Concordia\", \"url\": \"https:\/\/lt15concordia.com.ar\"}, \"publisher\": {\"@type\": \"Organization\", \"name\": \"LT15 Concordia\"}, \"mainEntityOfPage\": {\"@type\": \"WebPage\", \"@id\": \"https:\/\/lt15concordia.com.ar\/index.php\/2026\/09\/03\/parana-festejo-la-historieta-con-arte-tinta-y-trabajo-independiente\/\"}, \"image\": [\"https:\/\/elonce-media.elonce.com\/fotos\/2026\/09\/03\/m_1788482540_56778.webp\"]}<\/script><\/p>\n","protected":false},"excerpt":{"rendered":"<p>La Escuela de Artes Visuales de Paran\u00e1 fue el escenario del D\u00eda de la Historieta Argentina, con artistas de Entre R\u00edos y Santa Fe.<\/p>\n","protected":false},"author":5,"featured_media":61079,"comment_status":"closed","ping_status":"closed","sticky":false,"template":"","format":"standard","meta":{"footnotes":""},"categories":[37],"tags":[4753,4754,63,4752,67],"_links":{"self":[{"href":"https:\/\/lt15concordia.com.ar\/index.php\/wp-json\/wp\/v2\/posts\/61080"}],"collection":[{"href":"https:\/\/lt15concordia.com.ar\/index.php\/wp-json\/wp\/v2\/posts"}],"about":[{"href":"https:\/\/lt15concordia.com.ar\/index.php\/wp-json\/wp\/v2\/types\/post"}],"author":[{"embeddable":true,"href":"https:\/\/lt15concordia.com.ar\/index.php\/wp-json\/wp\/v2\/users\/5"}],"replies":[{"embeddable":true,"href":"https:\/\/lt15concordia.com.ar\/index.php\/wp-json\/wp\/v2\/comments?post=61080"}],"version-history":[{"count":2,"href":"https:\/\/lt15concordia.com.ar\/index.php\/wp-json\/wp\/v2\/posts\/61080\/revisions"}],"predecessor-version":[{"id":61082,"href":"https:\/\/lt15concordia.com.ar\/index.php\/wp-json\/wp\/v2\/posts\/61080\/revisions\/61082"}],"wp:featuredmedia":[{"embeddable":true,"href":"https:\/\/lt15concordia.com.ar\/index.php\/wp-json\/wp\/v2\/media\/61079"}],"wp:attachment":[{"href":"https:\/\/lt15concordia.com.ar\/index.php\/wp-json\/wp\/v2\/media?parent=61080"}],"wp:term":[{"taxonomy":"category","embeddable":true,"href":"https:\/\/lt15concordia.com.ar\/index.php\/wp-json\/wp\/v2\/categories?post=61080"},{"taxonomy":"post_tag","embeddable":true,"href":"https:\/\/lt15concordia.com.ar\/index.php\/wp-json\/wp\/v2\/tags?post=61080"}],"curies":[{"name":"wp","href":"https:\/\/api.w.org\/{rel}","templated":true}]}}