{"id":61070,"date":"2026-09-03T21:31:55","date_gmt":"2026-09-04T00:31:55","guid":{"rendered":"https:\/\/lt15concordia.com.ar\/?p=61070"},"modified":"2026-09-03T21:32:06","modified_gmt":"2026-09-04T00:32:06","slug":"entre-rios-exporta-conocimiento-us-56-millones-al-ano-y-en-alza","status":"publish","type":"post","link":"https:\/\/lt15concordia.com.ar\/index.php\/2026\/09\/03\/entre-rios-exporta-conocimiento-us-56-millones-al-ano-y-en-alza\/","title":{"rendered":"Entre R\u00edos exporta conocimiento: U$S 56 millones al a\u00f1o y en alza"},"content":{"rendered":"<p>A la soja, la carne y los ar\u00e1ndanos, <strong>Entre R\u00edos<\/strong> le est\u00e1 sumando una exportaci\u00f3n que no pesa, no se moja y no depende del clima: <strong>conocimiento<\/strong>. Y los n\u00fameros empiezan a hablar con fuerza.<\/p>\n<p>En el <strong>primer trimestre de 2026<\/strong>, las exportaciones provinciales de <strong>Servicios Basados en el Conocimiento (SBC)<\/strong> alcanzaron los <strong>14 millones de d\u00f3lares<\/strong>, un <strong>10% m\u00e1s<\/strong> que en igual per\u00edodo del a\u00f1o anterior. Proyectado al a\u00f1o completo, eso representa unos <strong>56 millones de d\u00f3lares<\/strong> en divisas genuinas generadas desde la provincia.<\/p>\n<p>El dato no es menor en un contexto nacional donde, seg\u00fan el <strong>Ministerio de Econom\u00eda de la Naci\u00f3n<\/strong>, las exportaciones argentinas de SBC superaron por primera vez la barrera de los <strong>10.000 millones de d\u00f3lares<\/strong>, con un super\u00e1vit de <strong>625 millones de d\u00f3lares<\/strong>. Entre R\u00edos, en ese mapa, no es un actor marginal.<\/p>\n<p><strong>Fabi\u00e1n Boleas<\/strong>, presidente de la Fundaci\u00f3n MiradorTec y ministro de Econom\u00eda y Servicios P\u00fablicos de la provincia, lo sintetiz\u00f3 con claridad: <em>&#8220;A la carne y los granos, Entre R\u00edos hoy le suma exportar conocimiento: divisas genuinas, sin mover una tonelada y sin depender de una cosecha. Talento entrerriano que el mundo elige y que hace m\u00e1s competitivo a todo lo que ya producimos.&#8221;<\/em><\/p>\n<p>El empleo registrado en el sector tambi\u00e9n viene creciendo. Seg\u00fan datos del <strong>Observatorio de Estudios Econ\u00f3micos del MiradorTec<\/strong>, la actividad tecnol\u00f3gica en la provincia gener\u00f3 un <strong>4% m\u00e1s de puestos de trabajo registrados en 2025<\/strong>, muy por encima de la media nacional. En un mercado laboral que sigue siendo esquivo para muchos sectores, ese n\u00famero tiene peso.<\/p>\n<p><strong>Carlos Pallotti<\/strong>, director del MiradorTec, subray\u00f3 el doble impacto de este crecimiento: <em>&#8220;Para provincias como Entre R\u00edos, que haya m\u00e1s exportaciones tiene un doble significado. Por un lado, genera divisas genuinas y, por el otro, permite corroborar que los productos y servicios tecnol\u00f3gicos producidos en la provincia son apreciados en otras partes del mundo.&#8221;<\/em><\/p>\n<p>El <strong>MiradorTec<\/strong> es el centro tecnol\u00f3gico que funciona como motor de este proceso. Creado hace poco menos de un a\u00f1o, se autofinancia con los ingresos de las empresas y proyectos que incuba, y ya recibe visitas frecuentes de referentes del mundo tecnol\u00f3gico y de negocios a nivel nacional. En poco tiempo, se posicion\u00f3 como un nombre reconocido m\u00e1s all\u00e1 de las fronteras entrerrianas.<\/p>\n<p>La tendencia marca que la econom\u00eda del conocimiento dej\u00f3 de ser una promesa para convertirse en una fuente concreta de ingresos para la provincia. El desaf\u00edo ahora es sostener el ritmo, ampliar la base de empresas y talentos, y consolidar a Entre R\u00edos como un jugador serio en un mercado global que no para de crecer.<\/p>\n<p><script type=\"application\/ld+json\">{\"@context\": \"https:\/\/schema.org\", \"@type\": \"NewsArticle\", \"headline\": \"Entre R\u00edos exporta conocimiento: U$S 56 millones al a\u00f1o y en alza\", \"description\": \"Las exportaciones entrerrianas de Servicios Basados en el Conocimiento crecieron 10% en el primer trimestre de 2026 y proyectan 56 millones de d\u00f3lares anuales.\", \"datePublished\": \"2026-09-03T21:32:05-03:00\", \"dateModified\": \"2026-09-03T21:32:05-03:00\", \"inLanguage\": \"es-AR\", \"articleSection\": \"economia\", \"author\": {\"@type\": \"Organization\", \"name\": \"Redaccion LT15 Concordia\", \"url\": \"https:\/\/lt15concordia.com.ar\"}, \"publisher\": {\"@type\": \"Organization\", \"name\": \"LT15 Concordia\"}, \"mainEntityOfPage\": {\"@type\": \"WebPage\", \"@id\": \"https:\/\/lt15concordia.com.ar\/index.php\/2026\/09\/03\/entre-rios-exporta-conocimiento-us-56-millones-al-ano-y-en-alza\/\"}, \"image\": [\"https:\/\/dosflorines.com.ar\/wp-content\/uploads\/2026\/04\/mirador-tec-parana.jpeg\"]}<\/script><\/p>\n","protected":false},"excerpt":{"rendered":"<p>Las exportaciones entrerrianas de Servicios Basados en el Conocimiento crecieron 10% en el primer trimestre de 2026 y proyectan 56 millones de d\u00f3lares anuales.<\/p>\n","protected":false},"author":5,"featured_media":61069,"comment_status":"closed","ping_status":"closed","sticky":false,"template":"","format":"standard","meta":{"footnotes":""},"categories":[37],"tags":[3477,65,63,431,3232,642],"_links":{"self":[{"href":"https:\/\/lt15concordia.com.ar\/index.php\/wp-json\/wp\/v2\/posts\/61070"}],"collection":[{"href":"https:\/\/lt15concordia.com.ar\/index.php\/wp-json\/wp\/v2\/posts"}],"about":[{"href":"https:\/\/lt15concordia.com.ar\/index.php\/wp-json\/wp\/v2\/types\/post"}],"author":[{"embeddable":true,"href":"https:\/\/lt15concordia.com.ar\/index.php\/wp-json\/wp\/v2\/users\/5"}],"replies":[{"embeddable":true,"href":"https:\/\/lt15concordia.com.ar\/index.php\/wp-json\/wp\/v2\/comments?post=61070"}],"version-history":[{"count":2,"href":"https:\/\/lt15concordia.com.ar\/index.php\/wp-json\/wp\/v2\/posts\/61070\/revisions"}],"predecessor-version":[{"id":61072,"href":"https:\/\/lt15concordia.com.ar\/index.php\/wp-json\/wp\/v2\/posts\/61070\/revisions\/61072"}],"wp:featuredmedia":[{"embeddable":true,"href":"https:\/\/lt15concordia.com.ar\/index.php\/wp-json\/wp\/v2\/media\/61069"}],"wp:attachment":[{"href":"https:\/\/lt15concordia.com.ar\/index.php\/wp-json\/wp\/v2\/media?parent=61070"}],"wp:term":[{"taxonomy":"category","embeddable":true,"href":"https:\/\/lt15concordia.com.ar\/index.php\/wp-json\/wp\/v2\/categories?post=61070"},{"taxonomy":"post_tag","embeddable":true,"href":"https:\/\/lt15concordia.com.ar\/index.php\/wp-json\/wp\/v2\/tags?post=61070"}],"curies":[{"name":"wp","href":"https:\/\/api.w.org\/{rel}","templated":true}]}}