{"id":61066,"date":"2026-09-03T20:31:57","date_gmt":"2026-09-03T23:31:57","guid":{"rendered":"https:\/\/lt15concordia.com.ar\/?p=61066"},"modified":"2026-09-03T20:32:07","modified_gmt":"2026-09-03T23:32:07","slug":"accion-catolica-exige-solucion-para-afiliados-de-pami-en-concordia","status":"publish","type":"post","link":"https:\/\/lt15concordia.com.ar\/index.php\/2026\/09\/03\/accion-catolica-exige-solucion-para-afiliados-de-pami-en-concordia\/","title":{"rendered":"Acci\u00f3n Cat\u00f3lica exige soluci\u00f3n para afiliados de PAMI en Concordia"},"content":{"rendered":"<p>Hay una palabra que duele m\u00e1s cuando la pronuncian los que m\u00e1s saben de ella: <strong>desamparo<\/strong>. Y fue exactamente esa la que us\u00f3 el <strong>Consejo Diocesano de Acci\u00f3n Cat\u00f3lica Argentina de Concordia<\/strong> para describir lo que est\u00e1n viviendo los afiliados de <strong>PAMI<\/strong> en la ciudad, en medio del conflicto generado por la interrupci\u00f3n de la atenci\u00f3n en un <strong>sanatorio privado local<\/strong>.<\/p>\n<p>La organizaci\u00f3n difundi\u00f3 una <strong>carta p\u00fablica<\/strong> que no deja margen para la tibieza. &#8220;<strong>Hoy nuestros ancianos deambulan de hospital en hospital, esperando atenci\u00f3n<\/strong>&#8220;, dice el texto, y la imagen que construye esa frase es tan concreta como inc\u00f3moda: personas mayores, con sus historias cl\u00ednicas bajo el brazo, buscando una puerta que no se les cierre en la cara.<\/p>\n<p>La carta recupera el <strong>Pacto de San Antonio de Padua<\/strong>, aquel acuerdo multisectorial firmado en <strong>junio de 2016<\/strong> por intendentes de la regi\u00f3n de Salto Grande y ratificado por decreto en <strong>julio de 2018<\/strong>, que en su punto 8 compromet\u00eda a los firmantes a &#8220;trabajar para garantizar el acceso universal a la salud&#8221;. Un compromiso que, a la luz de la situaci\u00f3n actual, suena a promesa incumplida.<\/p>\n<p>Acci\u00f3n Cat\u00f3lica no esquiva la desigualdad que hay detr\u00e1s del problema. &#8220;<strong>Tal vez algunos de nuestros viejos tengan posibilidades de ir a un instituto privado<\/strong>, y abonar lo que \u00e9ste le solicita. Tal vez otros tengan una obra social distinta. Pero hay una masa muy grande de nuestros queridos ancianos que dependen de PAMI&#8221;, plante\u00f3 la entidad. Dicho de otro modo: los que tienen plata se atienden, los que no, esperan.<\/p>\n<p>El peso de esa espera cae sobre el <strong>sistema p\u00fablico de salud<\/strong>, que ya recibe a quienes no tienen ninguna cobertura. Sumarle la demanda de los afiliados de PAMI sin prestaciones privadas disponibles es una presi\u00f3n que ning\u00fan hospital absorbe sin consecuencias.<\/p>\n<p>El tono de la carta sube cuando llega al reclamo concreto. &#8220;<strong>A quienes tienen en sus manos la toma de decisiones les pedimos, y les exigimos con firmeza: busquen una salida, la m\u00e1s humana posible<\/strong>&#8220;, dice el texto. No es una s\u00faplica: es una exigencia con nombre y apellido institucional. Y al mismo tiempo, la organizaci\u00f3n abre una puerta al di\u00e1logo: &#8220;Abramos el juego, que entre todos, en un di\u00e1logo respetuoso y honesto podremos encontrarla&#8221;.<\/p>\n<p>El pronunciamiento lleva las firmas del <strong>presb\u00edtero Jos\u00e9 David Zabaleta<\/strong>, asesor del Consejo Diocesano, y de <strong>Mar\u00eda Elena Malvasio<\/strong>, presidenta del Consejo Diocesano de ACA Concordia. La carta cierra con una frase que resume todo: &#8220;Los que construyeron nuestra comunidad, los que nos dieron tanto, hoy necesitan que les retribuyamos al menos con justicia&#8221;. Una deuda que, mientras el conflicto entre PAMI y el sanatorio privado sigue sin resolverse, sigue creciendo.<\/p>\n<p><script type=\"application\/ld+json\">{\"@context\": \"https:\/\/schema.org\", \"@type\": \"NewsArticle\", \"headline\": \"Acci\u00f3n Cat\u00f3lica exige soluci\u00f3n para afiliados de PAMI en Concordia\", \"description\": \"El Consejo Diocesano reclam\u00f3 con firmeza una salida para los adultos mayores que deambulan sin atenci\u00f3n m\u00e9dica tras el conflicto con un sanatorio privado.\", \"datePublished\": \"2026-09-03T20:32:07-03:00\", \"dateModified\": \"2026-09-03T20:32:07-03:00\", \"inLanguage\": \"es-AR\", \"articleSection\": \"salud\", \"author\": {\"@type\": \"Organization\", \"name\": \"Redaccion LT15 Concordia\", \"url\": \"https:\/\/lt15concordia.com.ar\"}, \"publisher\": {\"@type\": \"Organization\", \"name\": \"LT15 Concordia\"}, \"mainEntityOfPage\": {\"@type\": \"WebPage\", \"@id\": \"https:\/\/lt15concordia.com.ar\/index.php\/2026\/09\/03\/accion-catolica-exige-solucion-para-afiliados-de-pami-en-concordia\/\"}, \"image\": [\"https:\/\/www.diariojunio.com.ar\/wp-content\/uploads\/2026\/04\/jubilado-pobre.jpg\"]}<\/script><\/p>\n","protected":false},"excerpt":{"rendered":"<p>El Consejo Diocesano reclam\u00f3 con firmeza una salida para los adultos mayores que deambulan sin atenci\u00f3n m\u00e9dica tras el conflicto con un sanatorio privado.<\/p>\n","protected":false},"author":5,"featured_media":61065,"comment_status":"closed","ping_status":"closed","sticky":false,"template":"","format":"standard","meta":{"footnotes":""},"categories":[30],"tags":[4750,1610,41,289,2330,4751],"_links":{"self":[{"href":"https:\/\/lt15concordia.com.ar\/index.php\/wp-json\/wp\/v2\/posts\/61066"}],"collection":[{"href":"https:\/\/lt15concordia.com.ar\/index.php\/wp-json\/wp\/v2\/posts"}],"about":[{"href":"https:\/\/lt15concordia.com.ar\/index.php\/wp-json\/wp\/v2\/types\/post"}],"author":[{"embeddable":true,"href":"https:\/\/lt15concordia.com.ar\/index.php\/wp-json\/wp\/v2\/users\/5"}],"replies":[{"embeddable":true,"href":"https:\/\/lt15concordia.com.ar\/index.php\/wp-json\/wp\/v2\/comments?post=61066"}],"version-history":[{"count":2,"href":"https:\/\/lt15concordia.com.ar\/index.php\/wp-json\/wp\/v2\/posts\/61066\/revisions"}],"predecessor-version":[{"id":61068,"href":"https:\/\/lt15concordia.com.ar\/index.php\/wp-json\/wp\/v2\/posts\/61066\/revisions\/61068"}],"wp:featuredmedia":[{"embeddable":true,"href":"https:\/\/lt15concordia.com.ar\/index.php\/wp-json\/wp\/v2\/media\/61065"}],"wp:attachment":[{"href":"https:\/\/lt15concordia.com.ar\/index.php\/wp-json\/wp\/v2\/media?parent=61066"}],"wp:term":[{"taxonomy":"category","embeddable":true,"href":"https:\/\/lt15concordia.com.ar\/index.php\/wp-json\/wp\/v2\/categories?post=61066"},{"taxonomy":"post_tag","embeddable":true,"href":"https:\/\/lt15concordia.com.ar\/index.php\/wp-json\/wp\/v2\/tags?post=61066"}],"curies":[{"name":"wp","href":"https:\/\/api.w.org\/{rel}","templated":true}]}}