{"id":61062,"date":"2026-09-03T20:31:04","date_gmt":"2026-09-03T23:31:04","guid":{"rendered":"https:\/\/lt15concordia.com.ar\/?p=61062"},"modified":"2026-09-03T20:31:14","modified_gmt":"2026-09-03T23:31:14","slug":"el-picudo-rojo-llego-a-entre-rios-y-pone-en-alerta-a-toda-la-costa-del-uruguay","status":"publish","type":"post","link":"https:\/\/lt15concordia.com.ar\/index.php\/2026\/09\/03\/el-picudo-rojo-llego-a-entre-rios-y-pone-en-alerta-a-toda-la-costa-del-uruguay\/","title":{"rendered":"El picudo rojo lleg\u00f3 a Entre R\u00edos y pone en alerta a toda la costa del Uruguay"},"content":{"rendered":"<p>Una plaga silenciosa y devastadora ya pis\u00f3 suelo entrerriano. El <strong>Senasa<\/strong> confirm\u00f3 la presencia del <strong>Picudo Rojo de las Palmeras<\/strong> (<em>Rhynchophorus ferrugineus<\/em>) en una estancia ubicada a unos <strong>7 kil\u00f3metros de Colonia El\u00eda<\/strong>, en el departamento Uruguay, frente a la costa uruguaya donde el insecto ya estaba activo. El hallazgo dispar\u00f3 una alerta regional que hoy abarca los dos lados del r\u00edo.<\/p>\n<p>El escenario no es menor: el picudo rojo es un escarabajo originario del sudeste asi\u00e1tico y figura entre las plagas m\u00e1s destructivas que existen para las palmeras. Sus larvas se instalan dentro del tronco, devoran los tejidos internos y, cuando los s\u00edntomas externos se vuelven visibles, la infestaci\u00f3n suele estar muy avanzada. El \u00e1rbol, para entonces, puede estar condenado. La detecci\u00f3n temprana no es una opci\u00f3n: es la \u00fanica herramienta real de contenci\u00f3n.<\/p>\n<p>Ante el hallazgo, el <strong>Ministerio de Desarrollo Econ\u00f3mico de Entre R\u00edos<\/strong>, a trav\u00e9s de sus Secretar\u00edas de Ambiente y Agricultura junto al Senasa, activ\u00f3 el <strong>Plan de Contingencia<\/strong> provincial. Tambi\u00e9n se reforz\u00f3 la <strong>Mesa T\u00e9cnica Local<\/strong>, constituida en 2025 e integrada por organismos nacionales y provinciales, el <strong>INTA<\/strong>, la <strong>Administraci\u00f3n de Parques Nacionales<\/strong> y municipios de la costa del r\u00edo Uruguay. La vigilancia se intensific\u00f3 especialmente sobre la franja costera y las \u00e1reas con palmares nativos.<\/p>\n<p>Del otro lado del r\u00edo, en <strong>Salto, Uruguay<\/strong>, el gobierno departamental mantiene desde principios de a\u00f1o un sistema de vigilancia mensual sobre m\u00e1s de <strong>200 palmeras<\/strong> con trampas de monitoreo. Hasta ahora aseguran que no detectaron presencia del insecto en ese departamento, aunque el intercambio de informaci\u00f3n t\u00e9cnica con especialistas argentinos es constante.<\/p>\n<p>En <strong>Gualeguaych\u00fa<\/strong>, la cercan\u00eda del foco aceler\u00f3 las acciones. La <strong>Direcci\u00f3n de Espacios Verdes<\/strong> municipal concluy\u00f3 las tareas de poda y acondicionamiento de <strong>64 palmeras<\/strong> ubicadas en las avenidas Rocamora y Primera Junta. El objetivo es dejarlas listas para la instalaci\u00f3n de <strong>sensores ac\u00fasticos con inteligencia artificial<\/strong> que permitir\u00e1n identificar los sonidos de la actividad larval dentro del tronco y distinguirlos del ruido ambiental. La colocaci\u00f3n de los dispositivos est\u00e1 prevista para los pr\u00f3ximos d\u00edas.<\/p>\n<p>El plan sanitario en Gualeguaych\u00fa arranc\u00f3 a mediados de junio. Antes de la poda, se aplic\u00f3 un insecticida sist\u00e9mico mediante peque\u00f1as perforaciones en los troncos. La estrategia apunta exactamente al punto cr\u00edtico: actuar antes de que los da\u00f1os sean visibles.<\/p>\n<p>El picudo rojo no es una novedad absoluta en la regi\u00f3n. <strong>Uruguay lo detect\u00f3 en 2022<\/strong>, y en <strong>enero de 2026<\/strong> el Senasa lo confirm\u00f3 en la <strong>Isla Mart\u00edn Garc\u00eda<\/strong>, provincia de Buenos Aires. El hallazgo en las cercan\u00edas de Colonia El\u00eda marc\u00f3 el salto al territorio continental entrerriano y ampli\u00f3 la zona de preocupaci\u00f3n hacia los palmares nativos de la costa, entre ellos los del <strong>Parque Nacional El Palmar<\/strong>. La velocidad con que se coordinen las respuestas entre provincias y pa\u00edses ser\u00e1 determinante para saber si la plaga puede frenarse o si el da\u00f1o reci\u00e9n est\u00e1 comenzando.<\/p>\n<p><script type=\"application\/ld+json\">{\"@context\": \"https:\/\/schema.org\", \"@type\": \"NewsArticle\", \"headline\": \"El picudo rojo lleg\u00f3 a Entre R\u00edos y pone en alerta a toda la costa del Uruguay\", \"description\": \"El Senasa confirm\u00f3 el primer hallazgo en suelo entrerriano, cerca de Colonia El\u00eda. Gualeguaych\u00fa y Uruguay ya activaron planes de contingencia.\", \"datePublished\": \"2026-09-03T20:31:14-03:00\", \"dateModified\": \"2026-09-03T20:31:14-03:00\", \"inLanguage\": \"es-AR\", \"articleSection\": \"economia\", \"author\": {\"@type\": \"Organization\", \"name\": \"Redaccion LT15 Concordia\", \"url\": \"https:\/\/lt15concordia.com.ar\"}, \"publisher\": {\"@type\": \"Organization\", \"name\": \"LT15 Concordia\"}, \"mainEntityOfPage\": {\"@type\": \"WebPage\", \"@id\": \"https:\/\/lt15concordia.com.ar\/index.php\/2026\/09\/03\/el-picudo-rojo-llego-a-entre-rios-y-pone-en-alerta-a-toda-la-costa-del-uruguay\/\"}, \"image\": [\"https:\/\/www.diariojunio.com.ar\/wp-content\/uploads\/2026\/09\/images-9-1.jpeg\"]}<\/script><\/p>\n","protected":false},"excerpt":{"rendered":"<p>El Senasa confirm\u00f3 el primer hallazgo en suelo entrerriano, cerca de Colonia El\u00eda. Gualeguaych\u00fa y Uruguay ya activaron planes de contingencia.<\/p>\n","protected":false},"author":5,"featured_media":61061,"comment_status":"closed","ping_status":"closed","sticky":false,"template":"","format":"standard","meta":{"footnotes":""},"categories":[37],"tags":[63,261,4146,4145,4749,245],"_links":{"self":[{"href":"https:\/\/lt15concordia.com.ar\/index.php\/wp-json\/wp\/v2\/posts\/61062"}],"collection":[{"href":"https:\/\/lt15concordia.com.ar\/index.php\/wp-json\/wp\/v2\/posts"}],"about":[{"href":"https:\/\/lt15concordia.com.ar\/index.php\/wp-json\/wp\/v2\/types\/post"}],"author":[{"embeddable":true,"href":"https:\/\/lt15concordia.com.ar\/index.php\/wp-json\/wp\/v2\/users\/5"}],"replies":[{"embeddable":true,"href":"https:\/\/lt15concordia.com.ar\/index.php\/wp-json\/wp\/v2\/comments?post=61062"}],"version-history":[{"count":2,"href":"https:\/\/lt15concordia.com.ar\/index.php\/wp-json\/wp\/v2\/posts\/61062\/revisions"}],"predecessor-version":[{"id":61064,"href":"https:\/\/lt15concordia.com.ar\/index.php\/wp-json\/wp\/v2\/posts\/61062\/revisions\/61064"}],"wp:featuredmedia":[{"embeddable":true,"href":"https:\/\/lt15concordia.com.ar\/index.php\/wp-json\/wp\/v2\/media\/61061"}],"wp:attachment":[{"href":"https:\/\/lt15concordia.com.ar\/index.php\/wp-json\/wp\/v2\/media?parent=61062"}],"wp:term":[{"taxonomy":"category","embeddable":true,"href":"https:\/\/lt15concordia.com.ar\/index.php\/wp-json\/wp\/v2\/categories?post=61062"},{"taxonomy":"post_tag","embeddable":true,"href":"https:\/\/lt15concordia.com.ar\/index.php\/wp-json\/wp\/v2\/tags?post=61062"}],"curies":[{"name":"wp","href":"https:\/\/api.w.org\/{rel}","templated":true}]}}