{"id":61056,"date":"2026-09-03T19:31:48","date_gmt":"2026-09-03T22:31:48","guid":{"rendered":"https:\/\/lt15concordia.com.ar\/?p=61056"},"modified":"2026-09-03T19:31:59","modified_gmt":"2026-09-03T22:31:59","slug":"tres-arroyos-suma-210-despidos-mas-y-ya-son-480-en-concepcion-del-uruguay","status":"publish","type":"post","link":"https:\/\/lt15concordia.com.ar\/index.php\/2026\/09\/03\/tres-arroyos-suma-210-despidos-mas-y-ya-son-480-en-concepcion-del-uruguay\/","title":{"rendered":"Tres Arroyos suma 210 despidos m\u00e1s y ya son 480 en Concepci\u00f3n del Uruguay"},"content":{"rendered":"<p>Los n\u00fameros no paran de crecer y la situaci\u00f3n se vuelve cada vez m\u00e1s grave. <strong>Granja Tres Arroyos<\/strong> sum\u00f3 <strong>210 nuevos despidos<\/strong> en su planta de <strong>Concepci\u00f3n del Uruguay<\/strong>, conocida como <strong>La China<\/strong>, llevando el total de trabajadores afectados a <strong>480<\/strong> en esa localidad entrerriana.<\/p>\n<p>El golpe no cay\u00f3 de la nada. La empresa ya ven\u00eda ejecutando una ola de cesant\u00edas que, seg\u00fan se inform\u00f3, alcanz\u00f3 a unas <strong>1.000 personas<\/strong> distribuidas en <strong>tres plantas bonaerenses<\/strong>. Ahora el recorte cruz\u00f3 el r\u00edo y se instal\u00f3 con fuerza en Entre R\u00edos, en una de las plantas m\u00e1s importantes del sector av\u00edcola de la provincia.<\/p>\n<p>Lo que agrava el cuadro no es solo la cantidad de puestos perdidos, sino la denuncia del <strong>gremio<\/strong>, que se\u00f1al\u00f3 que hay <strong>salarios e indemnizaciones impagos<\/strong>. Es decir, no solo se quedaron sin trabajo: muchos trabajadores tampoco cobraron lo que les corresponde por ley. Una situaci\u00f3n que, si no se resuelve con urgencia, derivar\u00e1 en conflicto judicial y social de proporciones.<\/p>\n<p>\u00bfCu\u00e1ntas familias dependen de esa planta en <strong>Concepci\u00f3n del Uruguay<\/strong>? La pregunta no es ret\u00f3rica: en una ciudad del interior, <strong>480 despidos<\/strong> sacuden la econom\u00eda local de punta a punta, desde el almac\u00e9n del barrio hasta el alquiler que ya no se puede pagar.<\/p>\n<p>Por el momento, <strong>Tres Arroyos<\/strong> no dio explicaciones p\u00fablicas sobre el alcance real de la reestructuraci\u00f3n ni sobre los plazos para regularizar los pagos pendientes. El gremio mantiene la denuncia activa y los trabajadores afectados esperan respuestas concretas.<\/p>\n<p><script type=\"application\/ld+json\">{\"@context\": \"https:\/\/schema.org\", \"@type\": \"NewsArticle\", \"headline\": \"Tres Arroyos suma 210 despidos m\u00e1s y ya son 480 en Concepci\u00f3n del Uruguay\", \"description\": \"La planta La China de Concepci\u00f3n del Uruguay acumula 480 cesant\u00edas. El gremio denunci\u00f3 salarios e indemnizaciones impagos.\", \"datePublished\": \"2026-09-03T19:31:59-03:00\", \"dateModified\": \"2026-09-03T19:31:59-03:00\", \"inLanguage\": \"es-AR\", \"articleSection\": \"economia\", \"author\": {\"@type\": \"Organization\", \"name\": \"Redaccion LT15 Concordia\", \"url\": \"https:\/\/lt15concordia.com.ar\"}, \"publisher\": {\"@type\": \"Organization\", \"name\": \"LT15 Concordia\"}, \"mainEntityOfPage\": {\"@type\": \"WebPage\", \"@id\": \"https:\/\/lt15concordia.com.ar\/index.php\/2026\/09\/03\/tres-arroyos-suma-210-despidos-mas-y-ya-son-480-en-concepcion-del-uruguay\/\"}, \"image\": [\"https:\/\/elonce-media.elonce.com\/fotos\/2025\/01\/24\/m_1737767554_10512.webp\"]}<\/script><\/p>\n","protected":false},"excerpt":{"rendered":"<p>La planta La China de Concepci\u00f3n del Uruguay acumula 480 cesant\u00edas. El gremio denunci\u00f3 salarios e indemnizaciones impagos.<\/p>\n","protected":false},"author":5,"featured_media":61055,"comment_status":"closed","ping_status":"closed","sticky":false,"template":"","format":"standard","meta":{"footnotes":""},"categories":[37],"tags":[50,1725,63,1997,2485,3135],"_links":{"self":[{"href":"https:\/\/lt15concordia.com.ar\/index.php\/wp-json\/wp\/v2\/posts\/61056"}],"collection":[{"href":"https:\/\/lt15concordia.com.ar\/index.php\/wp-json\/wp\/v2\/posts"}],"about":[{"href":"https:\/\/lt15concordia.com.ar\/index.php\/wp-json\/wp\/v2\/types\/post"}],"author":[{"embeddable":true,"href":"https:\/\/lt15concordia.com.ar\/index.php\/wp-json\/wp\/v2\/users\/5"}],"replies":[{"embeddable":true,"href":"https:\/\/lt15concordia.com.ar\/index.php\/wp-json\/wp\/v2\/comments?post=61056"}],"version-history":[{"count":2,"href":"https:\/\/lt15concordia.com.ar\/index.php\/wp-json\/wp\/v2\/posts\/61056\/revisions"}],"predecessor-version":[{"id":61058,"href":"https:\/\/lt15concordia.com.ar\/index.php\/wp-json\/wp\/v2\/posts\/61056\/revisions\/61058"}],"wp:featuredmedia":[{"embeddable":true,"href":"https:\/\/lt15concordia.com.ar\/index.php\/wp-json\/wp\/v2\/media\/61055"}],"wp:attachment":[{"href":"https:\/\/lt15concordia.com.ar\/index.php\/wp-json\/wp\/v2\/media?parent=61056"}],"wp:term":[{"taxonomy":"category","embeddable":true,"href":"https:\/\/lt15concordia.com.ar\/index.php\/wp-json\/wp\/v2\/categories?post=61056"},{"taxonomy":"post_tag","embeddable":true,"href":"https:\/\/lt15concordia.com.ar\/index.php\/wp-json\/wp\/v2\/tags?post=61056"}],"curies":[{"name":"wp","href":"https:\/\/api.w.org\/{rel}","templated":true}]}}