{"id":61044,"date":"2026-09-03T18:34:48","date_gmt":"2026-09-03T21:34:48","guid":{"rendered":"https:\/\/lt15concordia.com.ar\/?p=61044"},"modified":"2026-09-03T18:35:00","modified_gmt":"2026-09-03T21:35:00","slug":"ate-convoca-a-debatir-el-futuro-de-oser-este-viernes-en-concordia","status":"publish","type":"post","link":"https:\/\/lt15concordia.com.ar\/index.php\/2026\/09\/03\/ate-convoca-a-debatir-el-futuro-de-oser-este-viernes-en-concordia\/","title":{"rendered":"ATE convoca a debatir el futuro de OSER este viernes en Concordia"},"content":{"rendered":"<p>La salud de los estatales entrerrianos est\u00e1 en el centro del debate. Este <strong>viernes 4 de septiembre<\/strong>, la seccional <strong>Concordia de ATE<\/strong> organiza una jornada de an\u00e1lisis sobre el presente y el futuro de la <strong>Obra Social de Entre R\u00edos (OSER)<\/strong>, una instituci\u00f3n que cubre a miles de trabajadores del Estado y sus familias, y que atraviesa un momento de fuertes tensiones.<\/p>\n<p>El expositor ser\u00e1 el contador <strong>Pablo Giampaolo<\/strong>, segundo s\u00edndico de OSER, quien pondr\u00e1 sobre la mesa los n\u00fameros, las dificultades operativas y los desaf\u00edos que enfrenta el sistema de cobertura sanitaria provincial. No es un encuentro de tr\u00e1mite: hay modificaciones recientes en el sistema de salud de la provincia que generan inquietud entre los trabajadores, y este espacio apunta a explicar qu\u00e9 implican esos cambios en concreto para cada afiliado y su grupo familiar.<\/p>\n<p>La pregunta que sobrevuela el encuentro es directa: \u00bfqu\u00e9 tan s\u00f3lida est\u00e1 la obra social que deber\u00eda garantizar el derecho a la salud de quienes sostienen el Estado entrerriano? Las respuestas, o al menos parte de ellas, se buscar\u00e1n este viernes con un s\u00edndico en el estrado y los trabajadores en la sala.<\/p>\n<p>Desde <strong>ATE Concordia<\/strong> subrayaron la importancia de contar con espacios de informaci\u00f3n real, sin filtros, donde la comunidad pueda entender el estado de situaci\u00f3n y participar. La convocatoria no es solo para afiliados: est\u00e1 abierta a <strong>trabajadoras, trabajadores y a la comunidad en general<\/strong>.<\/p>\n<p>La disertaci\u00f3n se realizar\u00e1 a las <strong>19 horas<\/strong> en el <strong>Sal\u00f3n del Partido Justicialista<\/strong>, ubicado en <strong>G\u00fcemes 317<\/strong>, Concordia.<\/p>\n<p><script type=\"application\/ld+json\">{\"@context\": \"https:\/\/schema.org\", \"@type\": \"NewsArticle\", \"headline\": \"ATE convoca a debatir el futuro de OSER este viernes en Concordia\", \"description\": \"La Asociaci\u00f3n de Trabajadores del Estado organiza una disertaci\u00f3n sobre la obra social provincial este viernes 4 de septiembre a las 19 horas en G\u00fcemes 317.\", \"datePublished\": \"2026-09-03T18:34:59-03:00\", \"dateModified\": \"2026-09-03T18:34:59-03:00\", \"inLanguage\": \"es-AR\", \"articleSection\": \"salud\", \"author\": {\"@type\": \"Organization\", \"name\": \"Redaccion LT15 Concordia\", \"url\": \"https:\/\/lt15concordia.com.ar\"}, \"publisher\": {\"@type\": \"Organization\", \"name\": \"LT15 Concordia\"}, \"mainEntityOfPage\": {\"@type\": \"WebPage\", \"@id\": \"https:\/\/lt15concordia.com.ar\/index.php\/2026\/09\/03\/ate-convoca-a-debatir-el-futuro-de-oser-este-viernes-en-concordia\/\"}, \"image\": [\"https:\/\/www.diariojunio.com.ar\/wp-content\/uploads\/2026\/09\/images-8-1.jpeg\"]}<\/script><\/p>\n","protected":false},"excerpt":{"rendered":"<p>La Asociaci\u00f3n de Trabajadores del Estado organiza una disertaci\u00f3n sobre la obra social provincial este viernes 4 de septiembre a las 19 horas en G\u00fcemes 317.<\/p>\n","protected":false},"author":5,"featured_media":61043,"comment_status":"closed","ping_status":"closed","sticky":false,"template":"","format":"standard","meta":{"footnotes":""},"categories":[30],"tags":[2518,63,2306,87,2461],"_links":{"self":[{"href":"https:\/\/lt15concordia.com.ar\/index.php\/wp-json\/wp\/v2\/posts\/61044"}],"collection":[{"href":"https:\/\/lt15concordia.com.ar\/index.php\/wp-json\/wp\/v2\/posts"}],"about":[{"href":"https:\/\/lt15concordia.com.ar\/index.php\/wp-json\/wp\/v2\/types\/post"}],"author":[{"embeddable":true,"href":"https:\/\/lt15concordia.com.ar\/index.php\/wp-json\/wp\/v2\/users\/5"}],"replies":[{"embeddable":true,"href":"https:\/\/lt15concordia.com.ar\/index.php\/wp-json\/wp\/v2\/comments?post=61044"}],"version-history":[{"count":2,"href":"https:\/\/lt15concordia.com.ar\/index.php\/wp-json\/wp\/v2\/posts\/61044\/revisions"}],"predecessor-version":[{"id":61046,"href":"https:\/\/lt15concordia.com.ar\/index.php\/wp-json\/wp\/v2\/posts\/61044\/revisions\/61046"}],"wp:featuredmedia":[{"embeddable":true,"href":"https:\/\/lt15concordia.com.ar\/index.php\/wp-json\/wp\/v2\/media\/61043"}],"wp:attachment":[{"href":"https:\/\/lt15concordia.com.ar\/index.php\/wp-json\/wp\/v2\/media?parent=61044"}],"wp:term":[{"taxonomy":"category","embeddable":true,"href":"https:\/\/lt15concordia.com.ar\/index.php\/wp-json\/wp\/v2\/categories?post=61044"},{"taxonomy":"post_tag","embeddable":true,"href":"https:\/\/lt15concordia.com.ar\/index.php\/wp-json\/wp\/v2\/tags?post=61044"}],"curies":[{"name":"wp","href":"https:\/\/api.w.org\/{rel}","templated":true}]}}