{"id":61036,"date":"2026-09-03T17:32:42","date_gmt":"2026-09-03T20:32:42","guid":{"rendered":"https:\/\/lt15concordia.com.ar\/?p=61036"},"modified":"2026-09-03T17:32:53","modified_gmt":"2026-09-03T20:32:53","slug":"lisandro-martinez-y-senesi-camino-a-ser-ciudadanos-ilustres-de-entre-rios","status":"publish","type":"post","link":"https:\/\/lt15concordia.com.ar\/index.php\/2026\/09\/03\/lisandro-martinez-y-senesi-camino-a-ser-ciudadanos-ilustres-de-entre-rios\/","title":{"rendered":"Lisandro Mart\u00ednez y Senesi, camino a ser ciudadanos ilustres de Entre R\u00edos"},"content":{"rendered":"<p>El f\u00fatbol volvi\u00f3 a cruzarse con la pol\u00edtica, y esta vez con final feliz. <strong>La C\u00e1mara de Diputados de Entre R\u00edos<\/strong> le dio media sanci\u00f3n por unanimidad al proyecto que busca declarar <strong>ciudadanos ilustres<\/strong> a los defensores <strong>Lisandro Mart\u00ednez<\/strong> y <strong>Marcos Senesi<\/strong>, dos entrerrianos que formaron parte de la <strong>Selecci\u00f3n Argentina<\/strong> en el <strong>Mundial de Norteam\u00e9rica<\/strong>.<\/p>\n<p>El voto fue un\u00e1nime, lo que habla de un consenso que pocas veces se ve en el recinto: cuando hay gloria deportiva de por medio, las diferencias partidarias quedan en la puerta. La iniciativa reconoce la trayectoria y el rol de ambos jugadores en la consagraci\u00f3n mundialista, un hito que la provincia tiene razones de sobra para celebrar con nombre propio.<\/p>\n<p>Ahora el expediente pasa al <strong>Senado provincial<\/strong>, donde deber\u00e1 recibir el mismo respaldo para convertirse en ley. Si la unanimidad de Diputados sirve de term\u00f3metro, no habr\u00eda razones para esperar sorpresas en la c\u00e1mara alta. La declaraci\u00f3n de ciudadano ilustre es el m\u00e1ximo reconocimiento simb\u00f3lico que puede otorgar la Legislatura entrerriana a una persona nacida o criada en suelo provincial.<\/p>\n<p>Tanto <strong>Mart\u00ednez<\/strong> como <strong>Senesi<\/strong> tienen ra\u00edces entrerrianas y su presencia en el plantel campe\u00f3n del mundo los convirti\u00f3 en referentes de una generaci\u00f3n. El reconocimiento legislativo cierra un ciclo de homenajes que la provincia les viene rindiendo desde que Argentina levant\u00f3 la copa.<\/p>\n<p><script type=\"application\/ld+json\">{\"@context\": \"https:\/\/schema.org\", \"@type\": \"NewsArticle\", \"headline\": \"Lisandro Mart\u00ednez y Senesi, camino a ser ciudadanos ilustres de Entre R\u00edos\", \"description\": \"La C\u00e1mara de Diputados de Entre R\u00edos aprob\u00f3 por unanimidad declarar ciudadanos ilustres a los defensores campeones del mundo. La iniciativa pasa al Senado.\", \"datePublished\": \"2026-09-03T17:32:52-03:00\", \"dateModified\": \"2026-09-03T17:32:52-03:00\", \"inLanguage\": \"es-AR\", \"articleSection\": \"deportes\", \"author\": {\"@type\": \"Organization\", \"name\": \"Redaccion LT15 Concordia\", \"url\": \"https:\/\/lt15concordia.com.ar\"}, \"publisher\": {\"@type\": \"Organization\", \"name\": \"LT15 Concordia\"}, \"mainEntityOfPage\": {\"@type\": \"WebPage\", \"@id\": \"https:\/\/lt15concordia.com.ar\/index.php\/2026\/09\/03\/lisandro-martinez-y-senesi-camino-a-ser-ciudadanos-ilustres-de-entre-rios\/\"}, \"image\": [\"https:\/\/elonce-media.elonce.com\/fotos\/2026\/07\/29\/m_1785349231_55520.webp\"]}<\/script><\/p>\n","protected":false},"excerpt":{"rendered":"<p>La C\u00e1mara de Diputados de Entre R\u00edos aprob\u00f3 por unanimidad declarar ciudadanos ilustres a los defensores campeones del mundo. La iniciativa pasa al Senado.<\/p>\n","protected":false},"author":5,"featured_media":61035,"comment_status":"closed","ping_status":"closed","sticky":false,"template":"","format":"standard","meta":{"footnotes":""},"categories":[34,37],"tags":[3152,63,2981,2793,2892,2185],"_links":{"self":[{"href":"https:\/\/lt15concordia.com.ar\/index.php\/wp-json\/wp\/v2\/posts\/61036"}],"collection":[{"href":"https:\/\/lt15concordia.com.ar\/index.php\/wp-json\/wp\/v2\/posts"}],"about":[{"href":"https:\/\/lt15concordia.com.ar\/index.php\/wp-json\/wp\/v2\/types\/post"}],"author":[{"embeddable":true,"href":"https:\/\/lt15concordia.com.ar\/index.php\/wp-json\/wp\/v2\/users\/5"}],"replies":[{"embeddable":true,"href":"https:\/\/lt15concordia.com.ar\/index.php\/wp-json\/wp\/v2\/comments?post=61036"}],"version-history":[{"count":2,"href":"https:\/\/lt15concordia.com.ar\/index.php\/wp-json\/wp\/v2\/posts\/61036\/revisions"}],"predecessor-version":[{"id":61038,"href":"https:\/\/lt15concordia.com.ar\/index.php\/wp-json\/wp\/v2\/posts\/61036\/revisions\/61038"}],"wp:featuredmedia":[{"embeddable":true,"href":"https:\/\/lt15concordia.com.ar\/index.php\/wp-json\/wp\/v2\/media\/61035"}],"wp:attachment":[{"href":"https:\/\/lt15concordia.com.ar\/index.php\/wp-json\/wp\/v2\/media?parent=61036"}],"wp:term":[{"taxonomy":"category","embeddable":true,"href":"https:\/\/lt15concordia.com.ar\/index.php\/wp-json\/wp\/v2\/categories?post=61036"},{"taxonomy":"post_tag","embeddable":true,"href":"https:\/\/lt15concordia.com.ar\/index.php\/wp-json\/wp\/v2\/tags?post=61036"}],"curies":[{"name":"wp","href":"https:\/\/api.w.org\/{rel}","templated":true}]}}