{"id":61024,"date":"2026-09-03T17:09:16","date_gmt":"2026-09-03T20:09:16","guid":{"rendered":"https:\/\/lt15concordia.com.ar\/?p=61024"},"modified":"2026-09-03T17:10:34","modified_gmt":"2026-09-03T20:10:34","slug":"elias-arlettaz-competira-en-el-nacional-de-san-juan","status":"publish","type":"post","link":"https:\/\/lt15concordia.com.ar\/index.php\/2026\/09\/03\/elias-arlettaz-competira-en-el-nacional-de-san-juan\/","title":{"rendered":"El\u00edas Arlettaz competir\u00e1 en el Nacional de San Juan"},"content":{"rendered":"\n<p><strong>El joven de Concordia, El\u00edas Arlettaz viaja confiado a San Juan. \u201cEs la \u00faltima instancia nacional y se va a definir el podio anual\u201d, dijo<\/strong><\/p>\n\n\n\n<p>El\u00edas Arlettaz intervendr\u00e1 el pr\u00f3ximo martes en el Campeonato Nacional Absoluto en San Juan, donde volver\u00e1 a representar al Club Social y Deportivo Temperley de Concordia. El joven de 17 a\u00f1os ir\u00e1 con la ilusi\u00f3n de meterse entre los clasificados a los pr\u00f3ximos cert\u00e1menes sudamericanos.<\/p>\n\n\n\n<p>\u201cEs la \u00faltima instancia nacional del a\u00f1o y se va a definir el podio de los mejores del pa\u00eds, esperemos tener una buena performance. Voy a estar en Tercera Junior. La pr\u00e1ctica no oficial es al mediod\u00eda y la competencia ser\u00e1 a las 15.40\u201d, precis\u00f3 el joven deportista.<\/p>\n\n\n\n<p id=\"p-1788391037718-90436\">Consultado sobre la rutina de su entrenamiento dijo: \u201cMartes y jueves entreno dos horas y medio, mientras que los mi\u00e9rcoles tres horas y media\u201d.<\/p>\n\n\n\n<p id=\"p-1788391037718-42256\">El deportista ir\u00e1 en representaci\u00f3n de la Federaci\u00f3n Entrerriana de Pat\u00edn y buscar\u00e1 lograr la clasificaci\u00f3n a las siguientes instancias. \u201cLo hago todo con el apoyo familiar. Este viernes vamos a estar emprendiendo el viaje a San Juan\u201d, cont\u00f3 el joven, que ir\u00e1 acompa\u00f1ado de su entrenadora, Tamara Iturbe.<\/p>\n\n\n\n<h2 class=\"wp-block-heading\" id=\"p-1788391320696-35986\">El buen paso de El\u00edas Arlettaz por Posadas<\/h2>\n\n\n\n<p id=\"p-1788391037718-47264\">Cabe destacar que Arlettaz llega de ubicarse en la segunda posici\u00f3n en el Campeonato Nacional Apertura, realizado en el CEPARD de Posadas, Misiones. All\u00ed El\u00edas compiti\u00f3 en la categor\u00eda B3 Junior Caballeros y con un excelente desempe\u00f1o en pista.<\/p>\n\n\n\n<p id=\"p-1788391037718-59186\">Ese resultado le permiti\u00f3 conseguir la clasificaci\u00f3n directa al Campeonato Nacional Absoluto, uno de los principales objetivos de la temporada y una competencia de gran magnitud dentro del calendario nacional.<\/p>\n\n\n\n<p>Fuente: Diario Uno de Entre R\u00edos<\/p>\n","protected":false},"excerpt":{"rendered":"<p>El joven de Concordia, El\u00edas Arlettaz viaja confiado a San Juan. \u201cEs la \u00faltima instancia nacional y se va a definir el podio anual\u201d, dijo El\u00edas Arlettaz intervendr\u00e1 el pr\u00f3ximo martes en el Campeonato Nacional Absoluto en San Juan, donde volver\u00e1 a representar al Club Social y Deportivo Temperley de Concordia. El joven de 17 [&hellip;]<\/p>\n","protected":false},"author":5,"featured_media":61025,"comment_status":"open","ping_status":"open","sticky":false,"template":"","format":"standard","meta":{"footnotes":""},"categories":[30,34],"tags":[],"_links":{"self":[{"href":"https:\/\/lt15concordia.com.ar\/index.php\/wp-json\/wp\/v2\/posts\/61024"}],"collection":[{"href":"https:\/\/lt15concordia.com.ar\/index.php\/wp-json\/wp\/v2\/posts"}],"about":[{"href":"https:\/\/lt15concordia.com.ar\/index.php\/wp-json\/wp\/v2\/types\/post"}],"author":[{"embeddable":true,"href":"https:\/\/lt15concordia.com.ar\/index.php\/wp-json\/wp\/v2\/users\/5"}],"replies":[{"embeddable":true,"href":"https:\/\/lt15concordia.com.ar\/index.php\/wp-json\/wp\/v2\/comments?post=61024"}],"version-history":[{"count":1,"href":"https:\/\/lt15concordia.com.ar\/index.php\/wp-json\/wp\/v2\/posts\/61024\/revisions"}],"predecessor-version":[{"id":61026,"href":"https:\/\/lt15concordia.com.ar\/index.php\/wp-json\/wp\/v2\/posts\/61024\/revisions\/61026"}],"wp:featuredmedia":[{"embeddable":true,"href":"https:\/\/lt15concordia.com.ar\/index.php\/wp-json\/wp\/v2\/media\/61025"}],"wp:attachment":[{"href":"https:\/\/lt15concordia.com.ar\/index.php\/wp-json\/wp\/v2\/media?parent=61024"}],"wp:term":[{"taxonomy":"category","embeddable":true,"href":"https:\/\/lt15concordia.com.ar\/index.php\/wp-json\/wp\/v2\/categories?post=61024"},{"taxonomy":"post_tag","embeddable":true,"href":"https:\/\/lt15concordia.com.ar\/index.php\/wp-json\/wp\/v2\/tags?post=61024"}],"curies":[{"name":"wp","href":"https:\/\/api.w.org\/{rel}","templated":true}]}}