{"id":61015,"date":"2026-09-03T16:57:07","date_gmt":"2026-09-03T19:57:07","guid":{"rendered":"https:\/\/lt15concordia.com.ar\/?p=61015"},"modified":"2026-09-03T16:57:18","modified_gmt":"2026-09-03T19:57:18","slug":"la-omm-extendio-la-duracion-de-el-nino-intenso-hasta-2027-y-encendio-las-alarmas-en-el-litoral","status":"publish","type":"post","link":"https:\/\/lt15concordia.com.ar\/index.php\/2026\/09\/03\/la-omm-extendio-la-duracion-de-el-nino-intenso-hasta-2027-y-encendio-las-alarmas-en-el-litoral\/","title":{"rendered":"La OMM extendi\u00f3 la duraci\u00f3n de El Ni\u00f1o intenso hasta 2027 y encendi\u00f3 las alarmas en el Litoral"},"content":{"rendered":"\n<p><strong>Con una probabilidad del 100%, se prev\u00e9 que esa intensidad se manifieste hasta fin de a\u00f1o y que el fen\u00f3meno persista hasta febrero de 2027. &#8220;Es la primera vez que una actualizaci\u00f3n es tan inequ\u00edvoca&#8221;, remarcaron<\/strong><\/p>\n\n\n\n<p id=\"p-1788371199445-38032\">Con un pron\u00f3stico consolidado, desde la Organizaci\u00f3n Meteorol\u00f3gica Mundial (OMM) anunciaron oficialmente que El Ni\u00f1o se desarrollar\u00e1 en su fase &#8220;muy fuerte&#8221; hasta fin de a\u00f1o, la escala m\u00e1s alta prevista por el organismo para este fen\u00f3meno. Adem\u00e1s, aseveraron que se extender\u00e1, al menos, hasta febrero del 2027.<\/p>\n\n\n\n<p id=\"p-1788371316754-14128\">En su actualizaci\u00f3n m\u00e1s reciente, dada a conocer este mismo jueves en Suiza, desde el organismo internacional que conduce la argentina Celeste Saulo afirmaron que &#8220;es la primera vez que una actualizaci\u00f3n de la OMM sobre El Ni\u00f1o\/La Ni\u00f1a es tan inequ\u00edvoca, lo que refleja el fuerte consenso dentro de la extensa red&#8221; de la entidad, conformada por agencias, institutos y servicios meteorol\u00f3gicos de m\u00e1s de decenas de pa\u00edses.<\/p>\n\n\n\n<p id=\"p-1788373540898-47664\">Las actualizaciones de la OMM sobre El Ni\u00f1o\/La Ni\u00f1a son la fuente de informaci\u00f3n de mayor relevancia a nivel mundial para gobiernos y responsables de toma de decisiones. Estos pron\u00f3sticos estacionales se basan en un consenso de modelos de los centros mundiales de producci\u00f3n de la organizaci\u00f3n, expertos de los servicios meteorol\u00f3gicos e hidrol\u00f3gicos nacionales y centros de predicci\u00f3n clim\u00e1tica de todo el mundo, publica<em>&nbsp;UNO Santa Fe.<\/em><\/p>\n\n\n\n<p id=\"p-1788373568923-57068\">&#8220;Este episodio excepcional de El Ni\u00f1o exige medidas de preparaci\u00f3n y respuesta excepcionales. En 50 a\u00f1os de historia de la OMM, nunca antes hab\u00edamos emprendido una movilizaci\u00f3n tan importante junto con los Servicios Meteorol\u00f3gicos e Hidrol\u00f3gicos Nacionales, quienes encabezan el suministro de pron\u00f3sticos y servicios para salvar vidas y proteger medios de subsistencia&#8221;, dijo Saulo, que es secretaria General de la OMM desde 2023.<\/p>\n\n\n\n<h2 class=\"wp-block-heading\" id=\"p-1788373751435-54772\">Calentamiento del oc\u00e9ano<\/h2>\n\n\n\n<p id=\"p-1788371518945-52467\">En la informaci\u00f3n difundida, desde la OMM se\u00f1alaron que las temperaturas de la superficie del mar en las partes central y oriental del Pac\u00edfico ecuatorial, la regi\u00f3n donde se origina El Ni\u00f1o, &#8220;ya est\u00e1n muy por encima de la media (uno de los signos que indican claramente la instauraci\u00f3n de un evento de El Ni\u00f1o) y siguen aumentando&#8221;.<\/p>\n\n\n\n<p id=\"p-1788371636426-51390\">Los valores de referencia utilizados por el organismo &#8220;sobrepasaron con creces los registros normales&#8221;: entre mayo y julio, el promedio de calentamiento fue superior a 1,5\u00ba Celsius, mientras que en julio se increment\u00f3 a 2\u00ba. &#8220;Entre finales de julio y mediados de agosto, los valores semanales no dejaron de incrementarse&#8221;, apuntaron en el informe, para detallar que se ubicaron entre los 2,2 y los 2,6 grados por encima de la media.<\/p>\n\n\n\n<p id=\"p-1788371976775-24962\">Adem\u00e1s, se\u00f1alaron que el calor se incrementa a\u00fan m\u00e1s bajo la superficie del oc\u00e9ano: &#8220;Durante julio y principios de agosto, en algunas zonas las temperaturas subsuperficiales superaron la media en m\u00e1s de 8\u00b0. En conjunto, las condiciones superficiales y subsuperficiales favorecen claramente la persistencia de El Ni\u00f1o y posibilitan la intensificaci\u00f3n del evento durante los pr\u00f3ximos meses&#8221;.<\/p>\n\n\n\n<p id=\"p-1788372387938-94567\">&#8220;El grado de confianza de los pron\u00f3sticos es elevado. Los valores de los par\u00e1metros oce\u00e1nicos y atmosf\u00e9ricos son concluyentes y se refuerzan mutuamente, y la coincidencia entre los resultados de los diversos sistemas de predicci\u00f3n estacional es elevada. Todo ello indica que el episodio de El Ni\u00f1o persistir\u00e1 al menos hasta principios de 2027&#8221;, indicaron.<\/p>\n\n\n\n<h2 class=\"wp-block-heading\" id=\"p-1788372502707-14429\">El Ni\u00f1o y sus distintos efectos en el mundo<\/h2>\n\n\n\n<p id=\"p-1788372523137-58277\">Desde la OMM remarcaron que tanto El Ni\u00f1o como La Ni\u00f1a son los fen\u00f3menos naturales que mayor influencia ejercen sobre el sistema clim\u00e1tico del planeta: &#8220;Un episodio de intensidad muy fuerte aumenta la probabilidad de que se produzcan cambios importantes en las precipitaciones, las temperaturas y la circulaci\u00f3n atmosf\u00e9rica en muchas regiones del mundo&#8221;.<\/p>\n\n\n\n<p id=\"p-1788372586496-68289\">De todos modos, aclararon que la intensidad de un episodio, en este caso El Ni\u00f1o, no es el \u00fanico factor que explica o determina la potencial gravedad de los efectos del propio evento en una regi\u00f3n en particular: &#8220;Las consecuencias cambian de un lugar a otro y presentan diferencias en funci\u00f3n del momento del a\u00f1o, y pueden variar por causa de otros factores que influyen en el clima, como las condiciones imperantes en los oc\u00e9anos \u00cdndico y Atl\u00e1ntico&#8221;.<\/p>\n\n\n\n<p id=\"p-1788372500277-41410\">Por lo pronto, el informe resalta que de septiembre a noviembre, seg\u00fan los pron\u00f3sticos multimodelos de la OMM, las temperaturas ser\u00e1n superiores a lo normal &#8220;en casi todas las zonas terrestres&#8221;, mientras que las lluvias &#8220;ser\u00e1n coherentes con la intensa respuesta atmosf\u00e9rica que suele producirse ante un fuerte episodio de El Ni\u00f1o&#8221;. En el caso del Litoral argentino, donde se encuentra comprendido Entre R\u00edos, esas respuestas se traducen en lluvias por encima de lo normal, seg\u00fan el \u00faltimo pron\u00f3stico trimestral del Servicio Meteorol\u00f3gico Nacional (SMN).<\/p>\n\n\n\n<h2 class=\"wp-block-heading\" id=\"p-1788034417261-55065\">El Ni\u00f1o se intensifica hacia fin de a\u00f1o<\/h2>\n\n\n\n<p id=\"p-1787957359926-44184\">En su \u00faltimo pron\u00f3stico clim\u00e1tico trimestral, el Servicio Meteorol\u00f3gico Nacional (SMN) inform\u00f3 que el noreste de Santa Fe se encuentra en un \u00e1rea que, junto a Corrientes, Misiones y las franjas orientales de Formosa y Chaco, tendr\u00e1n lluvias superiores a lo normal. En tanto, el noroeste provincial tendr\u00e1 lluvias en niveles normales o superiores a lo normal.<\/p>\n\n\n\n<p id=\"p-1788034797781-84989\">Para el trimestre septiembre-octubre-noviembre, Santa Fe tendr\u00e1 lluvias en valores normales o por encima de lo normal. Las autoridades provinciales ya anticiparon, en varias de las reuniones peri\u00f3dicas que vienen desarrollando en el marco de la llegada de El Ni\u00f1o, que los \u00faltimos meses del 2026 ser\u00e1n los m\u00e1s cr\u00edticos del fen\u00f3meno que se extender\u00e1, al menos, hasta el oto\u00f1o de 2027.<\/p>\n\n\n\n<p id=\"p-1787959630633-87880\">Para elaborar el informe y establecer los valores de referencia, el organismo nacional toma los registros de lluvias acumuladas del per\u00edodo 1991-2020.<\/p>\n\n\n\n<p id=\"p-1787771871611-92340\">Cabe recordar que el \u00fanico pron\u00f3stico oficial para conocer el estado del tiempo es el que emite continuamente el Servicio Meteorol\u00f3gico Nacional (SMN). Si bien existen muchas aplicaciones, incluso algunas que vienen preinstaladas en los celulares, la informaci\u00f3n que brinda el organismo oficial proviene de meteor\u00f3logos y estaciones meteorol\u00f3gicas instaladas y calibradas seg\u00fan est\u00e1ndares de la Organizaci\u00f3n Meteorol\u00f3gica Mundial (OMM), ubicadas en los territorios sobre los que se desea conocer el estado del tiempo.<\/p>\n\n\n\n<p>Fuente: Diario Uno de Entre R\u00edos<\/p>\n","protected":false},"excerpt":{"rendered":"<p>Con una probabilidad del 100%, se prev\u00e9 que esa intensidad se manifieste hasta fin de a\u00f1o y que el fen\u00f3meno persista hasta febrero de 2027. &#8220;Es la primera vez que una actualizaci\u00f3n es tan inequ\u00edvoca&#8221;, remarcaron Con un pron\u00f3stico consolidado, desde la Organizaci\u00f3n Meteorol\u00f3gica Mundial (OMM) anunciaron oficialmente que El Ni\u00f1o se desarrollar\u00e1 en su [&hellip;]<\/p>\n","protected":false},"author":5,"featured_media":61016,"comment_status":"open","ping_status":"open","sticky":false,"template":"","format":"standard","meta":{"footnotes":""},"categories":[37,38],"tags":[],"_links":{"self":[{"href":"https:\/\/lt15concordia.com.ar\/index.php\/wp-json\/wp\/v2\/posts\/61015"}],"collection":[{"href":"https:\/\/lt15concordia.com.ar\/index.php\/wp-json\/wp\/v2\/posts"}],"about":[{"href":"https:\/\/lt15concordia.com.ar\/index.php\/wp-json\/wp\/v2\/types\/post"}],"author":[{"embeddable":true,"href":"https:\/\/lt15concordia.com.ar\/index.php\/wp-json\/wp\/v2\/users\/5"}],"replies":[{"embeddable":true,"href":"https:\/\/lt15concordia.com.ar\/index.php\/wp-json\/wp\/v2\/comments?post=61015"}],"version-history":[{"count":1,"href":"https:\/\/lt15concordia.com.ar\/index.php\/wp-json\/wp\/v2\/posts\/61015\/revisions"}],"predecessor-version":[{"id":61017,"href":"https:\/\/lt15concordia.com.ar\/index.php\/wp-json\/wp\/v2\/posts\/61015\/revisions\/61017"}],"wp:featuredmedia":[{"embeddable":true,"href":"https:\/\/lt15concordia.com.ar\/index.php\/wp-json\/wp\/v2\/media\/61016"}],"wp:attachment":[{"href":"https:\/\/lt15concordia.com.ar\/index.php\/wp-json\/wp\/v2\/media?parent=61015"}],"wp:term":[{"taxonomy":"category","embeddable":true,"href":"https:\/\/lt15concordia.com.ar\/index.php\/wp-json\/wp\/v2\/categories?post=61015"},{"taxonomy":"post_tag","embeddable":true,"href":"https:\/\/lt15concordia.com.ar\/index.php\/wp-json\/wp\/v2\/tags?post=61015"}],"curies":[{"name":"wp","href":"https:\/\/api.w.org\/{rel}","templated":true}]}}