{"id":61009,"date":"2026-09-03T16:52:37","date_gmt":"2026-09-03T19:52:37","guid":{"rendered":"https:\/\/lt15concordia.com.ar\/?p=61009"},"modified":"2026-09-03T16:52:48","modified_gmt":"2026-09-03T19:52:48","slug":"matias-galarza-fonda-fue-presentado-en-inter-miami-y-jugara-con-lionel-messi","status":"publish","type":"post","link":"https:\/\/lt15concordia.com.ar\/index.php\/2026\/09\/03\/matias-galarza-fonda-fue-presentado-en-inter-miami-y-jugara-con-lionel-messi\/","title":{"rendered":"Mat\u00edas Galarza Fonda fue presentado en Inter Miami y jugar\u00e1 con Lionel Messi"},"content":{"rendered":"\n<p><strong>Luego de plantarse y no volver a River, donde se entrenaba apartado, Mat\u00edas Galarza Fonda arregl\u00f3 su salida a pr\u00e9stamo con opci\u00f3n de compra a la MLS<\/strong><\/p>\n\n\n\n<p id=\"p-1788461582455-58638\">En el \u00faltimo d\u00eda del mercado de pases en Argentina, Mat\u00edas Galarza Fonda le puso fin a su conflicto con River y este jueves fue presentado como nuevo refuerzo de Inter Miami, equipo capitaneado por Lionel Messi, tras acordar un pr\u00e9stamo con opci\u00f3n de compra, que se convierte en obligaci\u00f3n si juega una determinada cantidad de partidos.<\/p>\n\n\n\n<p id=\"p-1788462315013-22621\">Luego de notificar en N\u00fa\u00f1ez su decisi\u00f3n de no volver a entrenarse en Cantilo, sede en la que a\u00fan permanecen trabajando Fabricio Bustos y Mat\u00edas Vi\u00f1a, los marginados sin futuro definido, su compleja situaci\u00f3n finalmente encontr\u00f3 una resoluci\u00f3n en las \u00faltimas horas.<\/p>\n\n\n\n<p>River logr\u00f3 llegar a un acuerdo con Inter Miami para ceder al volante paraguayo, quien desde que volvi\u00f3 del anterior pr\u00e9stamo en Atlanta United a mitad de a\u00f1o no fue considerado en N\u00fa\u00f1ez y r\u00e1pidamente fue apartado. Para colmo, el jugador hab\u00eda quedado en el ojo de la tormenta por un pol\u00e9mico posteo luego de la eliminaci\u00f3n de la Copa Sudamericana.<\/p>\n\n\n\n<p id=\"p-1788462315013-37363\">Cuando su situaci\u00f3n parec\u00eda entrar en un terreno sinuoso, m\u00e1s una vez que manifest\u00f3 su decisi\u00f3n de quedarse en Paraguay hasta que se resuelva su destino, el elenco que ahora dirige Cristian Gonz\u00e1lez apareci\u00f3 para llev\u00e1rselo. &#8220;Talento paraguayo en Miami&#8221;, escribi\u00f3 la cuenta oficial de Las Garzas.<\/p>\n\n\n\n<h2 class=\"wp-block-heading\" id=\"p-1788462370393-15354\">\u00bfEn qu\u00e9 condiciones lleg\u00f3 Mat\u00edas Galarza Fonda al Inter Miami?<\/h2>\n\n\n\n<p id=\"p-1788462373820-2054\">Se trata de un pr\u00e9stamo con una opci\u00f3n de compra de 3 millones de d\u00f3lares por el 50% del pase, pero que se convertir\u00e1 en obligaci\u00f3n cuando llegue al menos al 66% de los partidos con Las Garzas.<\/p>\n\n\n\n<p id=\"p-1788462370393-70868\">Vale aclarar que en N\u00fa\u00f1ez preservan el 70% de la ficha del futbolista de 24 a\u00f1os, mientras que el restante pertenece a Talleres, club al que le pagaron 3,5 millones de USD a mediados de 2025 para que se incorporara a las filas de Marcelo Gallardo \u2013el DT por ese entonces\u2013.<\/p>\n\n\n\n<p id=\"p-1788462370393-57161\">Galarza Fonda, vinculado con varios equipos en las \u00faltimas semanas, retorn\u00f3 a River en julio tras estar cedido en Atlanta United, pero no tuvo continuidad en el Millonario y ahora vestir\u00e1 los colores del Inter Miami. En total disput\u00f3 14 encuentros en los que no logr\u00f3 ni marcar ni asistir. En contraste, en los cuatro partidos en los que particip\u00f3 en el Mundial con la Albirroja consigui\u00f3 anotar un gol frente a Turqu\u00eda y asistir en otro ante Alemania. Apenas se cerr\u00f3 el pase, vol\u00f3 desde Asunci\u00f3n rumbo al sur de Florida.<\/p>\n\n\n\n<p>Fuente: Diario Uno de Entre R\u00edos<\/p>\n","protected":false},"excerpt":{"rendered":"<p>Luego de plantarse y no volver a River, donde se entrenaba apartado, Mat\u00edas Galarza Fonda arregl\u00f3 su salida a pr\u00e9stamo con opci\u00f3n de compra a la MLS En el \u00faltimo d\u00eda del mercado de pases en Argentina, Mat\u00edas Galarza Fonda le puso fin a su conflicto con River y este jueves fue presentado como nuevo [&hellip;]<\/p>\n","protected":false},"author":5,"featured_media":61012,"comment_status":"open","ping_status":"open","sticky":false,"template":"","format":"standard","meta":{"footnotes":""},"categories":[34],"tags":[],"_links":{"self":[{"href":"https:\/\/lt15concordia.com.ar\/index.php\/wp-json\/wp\/v2\/posts\/61009"}],"collection":[{"href":"https:\/\/lt15concordia.com.ar\/index.php\/wp-json\/wp\/v2\/posts"}],"about":[{"href":"https:\/\/lt15concordia.com.ar\/index.php\/wp-json\/wp\/v2\/types\/post"}],"author":[{"embeddable":true,"href":"https:\/\/lt15concordia.com.ar\/index.php\/wp-json\/wp\/v2\/users\/5"}],"replies":[{"embeddable":true,"href":"https:\/\/lt15concordia.com.ar\/index.php\/wp-json\/wp\/v2\/comments?post=61009"}],"version-history":[{"count":1,"href":"https:\/\/lt15concordia.com.ar\/index.php\/wp-json\/wp\/v2\/posts\/61009\/revisions"}],"predecessor-version":[{"id":61013,"href":"https:\/\/lt15concordia.com.ar\/index.php\/wp-json\/wp\/v2\/posts\/61009\/revisions\/61013"}],"wp:featuredmedia":[{"embeddable":true,"href":"https:\/\/lt15concordia.com.ar\/index.php\/wp-json\/wp\/v2\/media\/61012"}],"wp:attachment":[{"href":"https:\/\/lt15concordia.com.ar\/index.php\/wp-json\/wp\/v2\/media?parent=61009"}],"wp:term":[{"taxonomy":"category","embeddable":true,"href":"https:\/\/lt15concordia.com.ar\/index.php\/wp-json\/wp\/v2\/categories?post=61009"},{"taxonomy":"post_tag","embeddable":true,"href":"https:\/\/lt15concordia.com.ar\/index.php\/wp-json\/wp\/v2\/tags?post=61009"}],"curies":[{"name":"wp","href":"https:\/\/api.w.org\/{rel}","templated":true}]}}