{"id":61007,"date":"2026-09-03T16:49:25","date_gmt":"2026-09-03T19:49:25","guid":{"rendered":"https:\/\/lt15concordia.com.ar\/?p=61007"},"modified":"2026-09-03T16:49:37","modified_gmt":"2026-09-03T19:49:37","slug":"colombia-y-la-inseguridad-en-la-frontera-con-venezuela","status":"publish","type":"post","link":"https:\/\/lt15concordia.com.ar\/index.php\/2026\/09\/03\/colombia-y-la-inseguridad-en-la-frontera-con-venezuela\/","title":{"rendered":"Colombia y la inseguridad en la frontera con Venezuela"},"content":{"rendered":"\n<p><strong>\u201cMano dura contra el terrorismo, mano dura contra el narcotr\u00e1fico\u201d, implicar\u00eda las medidas de parte del gobierno de Colombia en la frontera<\/strong><\/p>\n\n\n\n<p id=\"p-1788453256135-68204\">Un atentado con un coche bomba contra una estaci\u00f3n de Polic\u00eda de Los Patios, en el departamento colombiano de Norte de Santander en\u00a0Colombia, dej\u00f3 una persona muerta y 11 heridos, entre ellos dos polic\u00edas. Eso generar\u00eda medidas a nivel nacional para detener el terrorismo y el narcotr\u00e1fico.<\/p>\n\n\n\n<p id=\"p-1788453256135-1628\">El ataque ocurri\u00f3 durante la noche del lunes y gener\u00f3 preocupaci\u00f3n entre las autoridades por la presencia de grupos armados ilegales en una zona estrat\u00e9gica, cercana a la frontera con Venezuela. En di\u00e1logo con&nbsp;<em>Radio La Red Paran\u00e1 (88.7)<\/em>, el periodista y profesor colombiano&nbsp;<strong>Francisco Espinel<\/strong>&nbsp;explic\u00f3 el complejo escenario que atraviesa esa regi\u00f3n del pa\u00eds y vincul\u00f3 el episodio con la disputa territorial que mantienen distintas organizaciones armadas.<\/p>\n\n\n\n<p>El veh\u00edculo cargado con explosivos deton\u00f3 alrededor de las 23.15 y provoc\u00f3 importantes da\u00f1os en la estaci\u00f3n policial, adem\u00e1s de incendiar varias motocicletas pertenecientes a los uniformados. La explosi\u00f3n tambi\u00e9n gener\u00f3 p\u00e1nico entre los vecinos del sector.<\/p>\n\n\n\n<p id=\"p-1788453256135-79780\"><em>\u201c<strong>Norte de Santander es el departamento que est\u00e1 en frontera con Venezuela, en la principal frontera con Venezuela<\/strong>\u201d<\/em>, explic\u00f3 Espinel. En ese sentido, se\u00f1al\u00f3 que Los Patios, por su cercan\u00eda con C\u00facuta, tiene un importante movimiento de personas que ingresan desde el pa\u00eds vecino. El periodista aclar\u00f3 que la situaci\u00f3n no implica se\u00f1alar a los venezolanos como responsables de hechos terroristas, pero sostuvo que en la zona existen c\u00e9lulas vinculadas a organizaciones criminales y grupos armados. Sin embargo, mencion\u00f3 la presencia de estructuras como el Tren de Aragua y otros grupos al margen de la ley.<\/p>\n\n\n\n<p id=\"p-1788453256135-40050\">A esto se suma la situaci\u00f3n del Catatumbo, tambi\u00e9n ubicado en Norte de Santander, donde distintas organizaciones armadas mantienen disputas por el control territorial. Seg\u00fan Espinel, ese escenario convierte a la regi\u00f3n en uno de los principales focos de preocupaci\u00f3n para las autoridades colombianas.<\/p>\n\n\n\n<h2 class=\"wp-block-heading\" id=\"p-1788453256136-10898\">La respuesta del gobierno<\/h2>\n\n\n\n<p id=\"p-1788453256136-12753\">Tras el atentado, el presidente colombiano (Abelardo de la Espriella, quien asumi\u00f3 hace un mes) se traslad\u00f3 a C\u00facuta acompa\u00f1ado por sus ministros de Defensa y del Interior para encabezar un consejo de seguridad.<\/p>\n\n\n\n<p id=\"p-1788453256136-8239\">Espinel destac\u00f3 que el encuentro estuvo marcado por la ausencia del alcalde de C\u00facuta y del gobernador de Norte de Santander, situaci\u00f3n que provoc\u00f3 el cuestionamiento del mandatario nacional.<\/p>\n\n\n\n<p id=\"p-1788453256136-3128\"><em>\u201c<strong>Aparte de la necesidad de estar todos articulados, no solamente el gobierno nacional sino el gobierno local y el gobierno departamental, curiosamente no se presentaron estos mandatarios locales<\/strong>\u201d<\/em>, se\u00f1al\u00f3.<\/p>\n\n\n\n<p id=\"p-1788453256136-84938\">Para el periodista colombiano, la situaci\u00f3n tambi\u00e9n debe analizarse en el marco del cambio de estrategia del Gobierno frente a los grupos armados. Seg\u00fan explic\u00f3, la administraci\u00f3n nacional decidi\u00f3 abandonar la denominada pol\u00edtica de \u201cPaz Total\u201d impulsada durante el gobierno de Gustavo Petro y avanzar hacia una postura de mayor confrontaci\u00f3n contra las organizaciones ilegales<em>&nbsp;. \u201c<strong>Mano dura contra el terrorismo, mano dura contra el narcotr\u00e1fico<\/strong>\u201d<\/em>, resumi\u00f3 Espinel al describir la nueva estrategia.<\/p>\n\n\n\n<h2 class=\"wp-block-heading\" id=\"p-1788453256136-47806\">Tres heridos permanecen graves<\/h2>\n\n\n\n<p id=\"p-1788453256136-67380\">Respecto de las consecuencias del atentado, el periodista indic\u00f3 que las 11 personas heridas fueron trasladadas a centros asistenciales y que tres de ellas permanec\u00edan en estado delicado. Tambi\u00e9n detall\u00f3 que dos polic\u00edas sufrieron lesiones importantes producto de la explosi\u00f3n, entre ellas quemaduras y heridas provocadas por las esquirlas.<\/p>\n\n\n\n<h2 class=\"wp-block-heading\" id=\"p-1788453256136-65861\">La nueva amenaza: drones explosivos<\/h2>\n\n\n\n<p id=\"p-1788453256136-53106\">M\u00e1s all\u00e1 del coche bomba utilizado en Los Patios, Espinel advirti\u00f3 que los grupos armados colombianos est\u00e1n incorporando nuevas modalidades de ataque, especialmente el uso de drones cargados con explosivos.&nbsp;<em>\u201c<strong>En estos momentos lo que m\u00e1s est\u00e1n utilizando los grupos al margen de la ley son drones, drones explosivos<\/strong>\u201d<\/em>, sostuvo.<\/p>\n\n\n\n<p id=\"p-1788453256136-83800\">Como ejemplo, mencion\u00f3 un ataque ocurrido el 30 de agosto en un municipio del departamento del Tolima, donde dos uniformados resultaron heridos. Seg\u00fan Espinel, ya son varios los episodios registrados con esta modalidad contra soldados y polic\u00edas, e incluso algunos ataques dejaron personas de la poblaci\u00f3n civil heridas.<\/p>\n\n\n\n<p id=\"p-1788453256136-6008\"><em>\u201c<strong>No entienden de d\u00f3nde est\u00e1n obteniendo tantos drones, porque ya son por lo menos cuatro o cinco ataques que han hecho precisamente con estos artefactos<\/strong>\u201d,<\/em>&nbsp;afirm\u00f3.<\/p>\n\n\n\n<p id=\"p-1788453256136-99035\">La utilizaci\u00f3n de estos dispositivos representa un nuevo desaf\u00edo para las fuerzas de seguridad colombianas, que buscan determinar c\u00f3mo los grupos armados est\u00e1n accediendo a esta tecnolog\u00eda y c\u00f3mo impedir nuevos ataques en distintas regiones del pa\u00eds.<\/p>\n\n\n\n<p>Fuente: Diario Uno de Entre R\u00edos<\/p>\n","protected":false},"excerpt":{"rendered":"<p>\u201cMano dura contra el terrorismo, mano dura contra el narcotr\u00e1fico\u201d, implicar\u00eda las medidas de parte del gobierno de Colombia en la frontera Un atentado con un coche bomba contra una estaci\u00f3n de Polic\u00eda de Los Patios, en el departamento colombiano de Norte de Santander en\u00a0Colombia, dej\u00f3 una persona muerta y 11 heridos, entre ellos dos [&hellip;]<\/p>\n","protected":false},"author":5,"featured_media":61010,"comment_status":"open","ping_status":"open","sticky":false,"template":"","format":"standard","meta":{"footnotes":""},"categories":[1],"tags":[],"_links":{"self":[{"href":"https:\/\/lt15concordia.com.ar\/index.php\/wp-json\/wp\/v2\/posts\/61007"}],"collection":[{"href":"https:\/\/lt15concordia.com.ar\/index.php\/wp-json\/wp\/v2\/posts"}],"about":[{"href":"https:\/\/lt15concordia.com.ar\/index.php\/wp-json\/wp\/v2\/types\/post"}],"author":[{"embeddable":true,"href":"https:\/\/lt15concordia.com.ar\/index.php\/wp-json\/wp\/v2\/users\/5"}],"replies":[{"embeddable":true,"href":"https:\/\/lt15concordia.com.ar\/index.php\/wp-json\/wp\/v2\/comments?post=61007"}],"version-history":[{"count":1,"href":"https:\/\/lt15concordia.com.ar\/index.php\/wp-json\/wp\/v2\/posts\/61007\/revisions"}],"predecessor-version":[{"id":61011,"href":"https:\/\/lt15concordia.com.ar\/index.php\/wp-json\/wp\/v2\/posts\/61007\/revisions\/61011"}],"wp:featuredmedia":[{"embeddable":true,"href":"https:\/\/lt15concordia.com.ar\/index.php\/wp-json\/wp\/v2\/media\/61010"}],"wp:attachment":[{"href":"https:\/\/lt15concordia.com.ar\/index.php\/wp-json\/wp\/v2\/media?parent=61007"}],"wp:term":[{"taxonomy":"category","embeddable":true,"href":"https:\/\/lt15concordia.com.ar\/index.php\/wp-json\/wp\/v2\/categories?post=61007"},{"taxonomy":"post_tag","embeddable":true,"href":"https:\/\/lt15concordia.com.ar\/index.php\/wp-json\/wp\/v2\/tags?post=61007"}],"curies":[{"name":"wp","href":"https:\/\/api.w.org\/{rel}","templated":true}]}}