{"id":61002,"date":"2026-09-03T16:41:15","date_gmt":"2026-09-03T19:41:15","guid":{"rendered":"https:\/\/lt15concordia.com.ar\/?p=61002"},"modified":"2026-09-03T16:41:27","modified_gmt":"2026-09-03T19:41:27","slug":"la-municipio-y-la-provincia-fortalecen-el-trabajo-territorial-para-promover-la-agricultura-familiar","status":"publish","type":"post","link":"https:\/\/lt15concordia.com.ar\/index.php\/2026\/09\/03\/la-municipio-y-la-provincia-fortalecen-el-trabajo-territorial-para-promover-la-agricultura-familiar\/","title":{"rendered":"La municipio y la provincia fortalecen el trabajo territorial para promover la agricultura familiar"},"content":{"rendered":"\n<p><strong>En el marco del trabajo articulado entre el Municipio y el Gobierno de Entre R\u00edos, se llev\u00f3 adelante una recorrida por distintos espacios de la ciudad vinculados con la agricultura familiar, la producci\u00f3n de alimentos y la promoci\u00f3n de h\u00e1bitos saludables<\/strong><br>\u00a0<br>La jornada cont\u00f3 con la participaci\u00f3n de la Directora de Agricultura de la Provincia de Entre R\u00edos, Carina Gallego, junto a integrantes de la Secretar\u00eda de Desarrollo Productivo de la Municipalidad de Concordia.<br>\u00a0<br>Durante el recorrido se visitaron instituciones educativas, productores de la agricultura familiar y familias que forman parte del programa Huerta Familiar, con el objetivo de conocer las experiencias que se desarrollan en el territorio, intercambiar conocimientos y fortalecer las pol\u00edticas de acompa\u00f1amiento a quienes producen sus propios alimentos.<br>\u00a0<br>La visita de la funcionaria provincial permiti\u00f3 fortalecer el v\u00ednculo y la articulaci\u00f3n entre los distintos actores que trabajan en el desarrollo de la horticultura familiar, poniendo en valor las iniciativas que llevan adelante diariamente vecinos y familias de Concordia.<br>\u00a0<br>Desde la Secretar\u00eda de Desarrollo Productivo destacaron la importancia de acompa\u00f1ar estas experiencias, que contribuyen a promover una alimentaci\u00f3n saludable, fomentar la producci\u00f3n para el autoconsumo y fortalecer la horticultura familiar como una herramienta de desarrollo y bienestar para las familias.<br>\u00a0<br>En este sentido, el secretario de Desarrollo Productivo Sebasti\u00e1n Ar\u00edstide, destac\u00f3 el valor del trabajo territorial y se\u00f1al\u00f3: \u201cEs fundamental estar cerca de nuestros vecinos, conocer sus experiencias y acompa\u00f1ar cada iniciativa que contribuya a producir alimentos saludables. El trabajo conjunto con la Provincia nos permite fortalecer estas pol\u00edticas y seguir generando herramientas para las familias que apuestan a la agricultura familiar\u201d.<br>\u00a0<br>La Municipalidad de Concordia, a trav\u00e9s de la Secretar\u00eda de Desarrollo Productivo, continuar\u00e1 fortaleciendo la articulaci\u00f3n con organismos provinciales, instituciones y vecinos, promoviendo iniciativas vinculadas a la producci\u00f3n local, la agricultura familiar y el acceso a una alimentaci\u00f3n saludable.<\/p>\n\n\n\n<p>Fuente: Municipalidad de Concordia<\/p>\n","protected":false},"excerpt":{"rendered":"<p>En el marco del trabajo articulado entre el Municipio y el Gobierno de Entre R\u00edos, se llev\u00f3 adelante una recorrida por distintos espacios de la ciudad vinculados con la agricultura familiar, la producci\u00f3n de alimentos y la promoci\u00f3n de h\u00e1bitos saludables\u00a0La jornada cont\u00f3 con la participaci\u00f3n de la Directora de Agricultura de la Provincia de [&hellip;]<\/p>\n","protected":false},"author":5,"featured_media":61003,"comment_status":"open","ping_status":"open","sticky":false,"template":"","format":"standard","meta":{"footnotes":""},"categories":[30],"tags":[],"_links":{"self":[{"href":"https:\/\/lt15concordia.com.ar\/index.php\/wp-json\/wp\/v2\/posts\/61002"}],"collection":[{"href":"https:\/\/lt15concordia.com.ar\/index.php\/wp-json\/wp\/v2\/posts"}],"about":[{"href":"https:\/\/lt15concordia.com.ar\/index.php\/wp-json\/wp\/v2\/types\/post"}],"author":[{"embeddable":true,"href":"https:\/\/lt15concordia.com.ar\/index.php\/wp-json\/wp\/v2\/users\/5"}],"replies":[{"embeddable":true,"href":"https:\/\/lt15concordia.com.ar\/index.php\/wp-json\/wp\/v2\/comments?post=61002"}],"version-history":[{"count":1,"href":"https:\/\/lt15concordia.com.ar\/index.php\/wp-json\/wp\/v2\/posts\/61002\/revisions"}],"predecessor-version":[{"id":61004,"href":"https:\/\/lt15concordia.com.ar\/index.php\/wp-json\/wp\/v2\/posts\/61002\/revisions\/61004"}],"wp:featuredmedia":[{"embeddable":true,"href":"https:\/\/lt15concordia.com.ar\/index.php\/wp-json\/wp\/v2\/media\/61003"}],"wp:attachment":[{"href":"https:\/\/lt15concordia.com.ar\/index.php\/wp-json\/wp\/v2\/media?parent=61002"}],"wp:term":[{"taxonomy":"category","embeddable":true,"href":"https:\/\/lt15concordia.com.ar\/index.php\/wp-json\/wp\/v2\/categories?post=61002"},{"taxonomy":"post_tag","embeddable":true,"href":"https:\/\/lt15concordia.com.ar\/index.php\/wp-json\/wp\/v2\/tags?post=61002"}],"curies":[{"name":"wp","href":"https:\/\/api.w.org\/{rel}","templated":true}]}}