{"id":60996,"date":"2026-09-03T16:32:48","date_gmt":"2026-09-03T19:32:48","guid":{"rendered":"https:\/\/lt15concordia.com.ar\/?p=60996"},"modified":"2026-09-03T16:32:59","modified_gmt":"2026-09-03T19:32:59","slug":"giano-y-gay-juntos-peronismo-de-concordia-apunta-a-2027","status":"publish","type":"post","link":"https:\/\/lt15concordia.com.ar\/index.php\/2026\/09\/03\/giano-y-gay-juntos-peronismo-de-concordia-apunta-a-2027\/","title":{"rendered":"Giano y Gay juntos: peronismo de Concordia apunta a 2027"},"content":{"rendered":"<p>Dos que se miraron de reojo durante a\u00f1os ahora hablan de amplitud, generosidad y unidad. <strong>Gustavo Giano<\/strong> y <strong>Alfredo Gay<\/strong>, los protagonistas de una de las internas peronistas m\u00e1s calientes que vivi\u00f3 <strong>Concordia<\/strong> en <strong>2023<\/strong>, salieron juntos a plantear un horizonte com\u00fan de cara a <strong>2027<\/strong>.<\/p>\n<p>El pronunciamiento lleg\u00f3 despu\u00e9s de un di\u00e1logo entre ambos sobre la situaci\u00f3n de la ciudad, la gesti\u00f3n municipal y el presente del peronismo local. Lejos de esconder las diferencias, las pusieron sobre la mesa: reconocieron que tuvieron y mantienen <strong>\u00abconstrucciones pol\u00edticas diferentes\u00bb<\/strong>, pero subrayaron que eso no les impide coincidir en algo que consideran m\u00e1s urgente.<\/p>\n<p><strong>\u00abCoincidimos en algo m\u00e1s importante: la necesidad de superar diferencias en la diversidad, de escucharnos y de contribuir a consolidar una alternativa amplia para Concordia, sea a trav\u00e9s de internas o una unidad program\u00e1tica. Con el PJ solo no alcanza\u00bb<\/strong>, expresaron en un comunicado conjunto. Una frase que vale subrayar: ellos mismos admiten que el partido no es suficiente y que hay que salir a buscar m\u00e1s.<\/p>\n<p>El timing del mensaje no es casual. D\u00edas antes hab\u00edan circulado versiones sobre un supuesto <strong>enfrentamiento fuerte entre ambos<\/strong> en una reuni\u00f3n del <strong>PJ de Concordia<\/strong>, con relatos que llegaban a hablar de una situaci\u00f3n al borde de los golpes. Algunas publicaciones incluso mencionaban la presencia del <strong>exgobernador Gustavo Bordet<\/strong> como mediador del episodio. Sin embargo, personas que participaron del encuentro desmintieron que hubiera habido violencia, y tambi\u00e9n fue cuestionada la versi\u00f3n sobre la presencia de Bordet. El comunicado conjunto, entonces, funciona tambi\u00e9n como desmentida en acci\u00f3n.<\/p>\n<p>El planteo de Giano y Gay abre dos caminos posibles para la reorganizaci\u00f3n del espacio: una <strong>competencia interna<\/strong> que defina candidaturas, o la construcci\u00f3n de una <strong>unidad program\u00e1tica<\/strong> basada en acuerdos. En cualquier caso, la propuesta apunta a trascender los l\u00edmites partidarios y poner el foco en la situaci\u00f3n econ\u00f3mica y social de la poblaci\u00f3n. Hablan de conformar <strong>\u00abuna fuerza que ponga en el centro la situaci\u00f3n econ\u00f3mica y social de nuestros vecinos y vecinas y que represente a los distintos sectores e instituciones\u00bb<\/strong>.<\/p>\n<p>Hay adem\u00e1s una lectura de poder provincial en el mensaje. Los dirigentes plantean <strong>\u00abun proyecto que le devuelva a Concordia el protagonismo que merece, y que siempre tuvo, en la discusi\u00f3n provincial\u00bb<\/strong>. Una se\u00f1al hacia adentro del peronismo entrerriano: Concordia quiere volver a pesar en el tablero de <strong>Entre R\u00edos<\/strong>.<\/p>\n<p>El cierre del comunicado deposita la carga en el peronismo local: <strong>\u00abtiene la responsabilidad de trabajar con amplitud, generosidad y presentar una alternativa consolidada para el 2027\u00bb<\/strong>. Queda por verse si este acercamiento resiste el desgaste del tiempo, las ambiciones cruzadas y los acuerdos que inevitablemente habr\u00e1 que negociar de ac\u00e1 a las pr\u00f3ximas elecciones.<\/p>\n<p><script type=\"application\/ld+json\">{\"@context\": \"https:\/\/schema.org\", \"@type\": \"NewsArticle\", \"headline\": \"Giano y Gay juntos: peronismo de Concordia apunta a 2027\", \"description\": \"Los dos dirigentes que se enfrentaron en 2023 exhiben acercamiento y plantean construir una alternativa amplia para las pr\u00f3ximas elecciones.\", \"datePublished\": \"2026-09-03T16:32:58-03:00\", \"dateModified\": \"2026-09-03T16:32:58-03:00\", \"inLanguage\": \"es-AR\", \"articleSection\": \"politica\", \"author\": {\"@type\": \"Organization\", \"name\": \"Redaccion LT15 Concordia\", \"url\": \"https:\/\/lt15concordia.com.ar\"}, \"publisher\": {\"@type\": \"Organization\", \"name\": \"LT15 Concordia\"}, \"mainEntityOfPage\": {\"@type\": \"WebPage\", \"@id\": \"https:\/\/lt15concordia.com.ar\/index.php\/2026\/09\/03\/giano-y-gay-juntos-peronismo-de-concordia-apunta-a-2027\/\"}, \"image\": [\"https:\/\/www.diariojunio.com.ar\/wp-content\/uploads\/2023\/08\/Gay-Giano.jpg\"]}<\/script><\/p>\n","protected":false},"excerpt":{"rendered":"<p>Los dos dirigentes que se enfrentaron en 2023 exhiben acercamiento y plantean construir una alternativa amplia para las pr\u00f3ximas elecciones.<\/p>\n","protected":false},"author":5,"featured_media":60995,"comment_status":"closed","ping_status":"closed","sticky":false,"template":"","format":"standard","meta":{"footnotes":""},"categories":[30],"tags":[41,3078,4747,91,1646,2324],"_links":{"self":[{"href":"https:\/\/lt15concordia.com.ar\/index.php\/wp-json\/wp\/v2\/posts\/60996"}],"collection":[{"href":"https:\/\/lt15concordia.com.ar\/index.php\/wp-json\/wp\/v2\/posts"}],"about":[{"href":"https:\/\/lt15concordia.com.ar\/index.php\/wp-json\/wp\/v2\/types\/post"}],"author":[{"embeddable":true,"href":"https:\/\/lt15concordia.com.ar\/index.php\/wp-json\/wp\/v2\/users\/5"}],"replies":[{"embeddable":true,"href":"https:\/\/lt15concordia.com.ar\/index.php\/wp-json\/wp\/v2\/comments?post=60996"}],"version-history":[{"count":2,"href":"https:\/\/lt15concordia.com.ar\/index.php\/wp-json\/wp\/v2\/posts\/60996\/revisions"}],"predecessor-version":[{"id":60998,"href":"https:\/\/lt15concordia.com.ar\/index.php\/wp-json\/wp\/v2\/posts\/60996\/revisions\/60998"}],"wp:featuredmedia":[{"embeddable":true,"href":"https:\/\/lt15concordia.com.ar\/index.php\/wp-json\/wp\/v2\/media\/60995"}],"wp:attachment":[{"href":"https:\/\/lt15concordia.com.ar\/index.php\/wp-json\/wp\/v2\/media?parent=60996"}],"wp:term":[{"taxonomy":"category","embeddable":true,"href":"https:\/\/lt15concordia.com.ar\/index.php\/wp-json\/wp\/v2\/categories?post=60996"},{"taxonomy":"post_tag","embeddable":true,"href":"https:\/\/lt15concordia.com.ar\/index.php\/wp-json\/wp\/v2\/tags?post=60996"}],"curies":[{"name":"wp","href":"https:\/\/api.w.org\/{rel}","templated":true}]}}