{"id":60988,"date":"2026-09-03T16:31:02","date_gmt":"2026-09-03T19:31:02","guid":{"rendered":"https:\/\/lt15concordia.com.ar\/?p=60988"},"modified":"2026-09-03T16:31:13","modified_gmt":"2026-09-03T19:31:13","slug":"condena-firme-la-corte-cerro-el-ultimo-recurso-de-urribarri","status":"publish","type":"post","link":"https:\/\/lt15concordia.com.ar\/index.php\/2026\/09\/03\/condena-firme-la-corte-cerro-el-ultimo-recurso-de-urribarri\/","title":{"rendered":"Condena firme: la Corte cerr\u00f3 el \u00faltimo recurso de Urribarri"},"content":{"rendered":"<p>No hay m\u00e1s puertas. La <strong>Corte Suprema de Justicia de la Naci\u00f3n<\/strong> desestim\u00f3 este jueves los recursos extraordinarios presentados por <strong>Sergio Daniel Urribarri<\/strong> y otros condenados en la causa por <strong>peculado y negociaciones incompatibles con la funci\u00f3n p\u00fablica<\/strong>, cerrando definitivamente la \u00faltima instancia extraordinaria que permanec\u00eda abierta. La condena al exgobernador de <strong>Entre R\u00edos<\/strong> qued\u00f3 firme.<\/p>\n<p>La resoluci\u00f3n lleva fecha del <strong>3 de septiembre de 2026<\/strong> y alcanza a los recursos que hab\u00edan sido parcialmente concedidos por el <strong>Superior Tribunal de Justicia de Entre R\u00edos<\/strong> el <strong>22 de octubre de 2024<\/strong>. El m\u00e1ximo tribunal los consider\u00f3 inadmisibles en los t\u00e9rminos del <strong>art\u00edculo 280 del C\u00f3digo Procesal Civil y Comercial de la Naci\u00f3n<\/strong> y resolvi\u00f3 desestimarlos sin m\u00e1s tr\u00e1mite.<\/p>\n<p>Junto a Urribarri, tambi\u00e9n hab\u00edan recurrido ante la Corte <strong>Gerardo Daniel Caruso, Corina Cargnel, Emiliano Giacopuzzi, Juan Pablo Aguilera, Luciana Bel\u00e9n Almada y Pedro \u00c1ngel B\u00e1ez<\/strong>. Para todos ellos, el fallo de este jueves cierra el camino extraordinario federal.<\/p>\n<p>La condena original data de <strong>2022<\/strong>: <strong>ocho a\u00f1os de prisi\u00f3n e inhabilitaci\u00f3n absoluta perpetua<\/strong> para ejercer cargos p\u00fablicos. Fue confirmada luego por la Justicia entrerriana, y el recurso ante la Corte era el \u00fanico eslab\u00f3n que quedaba colgado. Ahora que ese eslab\u00f3n cay\u00f3, la <strong>Justicia provincial deber\u00e1 avanzar con la ejecuci\u00f3n de la pena<\/strong>. El fallo en s\u00ed no dispone una orden de detenci\u00f3n inmediata: se limita a desestimar los recursos y a devolver las actuaciones, pero el camino para que eso ocurra qued\u00f3 despejado.<\/p>\n<p>Vale la distinci\u00f3n: esto es distinto de lo que pas\u00f3 en <strong>noviembre de 2024<\/strong>, cuando Urribarri fue detenido por orden de la <strong>C\u00e1mara de Casaci\u00f3n Penal de Entre R\u00edos<\/strong> bajo el argumento de riesgo de fuga, mientras la condena todav\u00eda no estaba firme. Estuvo detenido alrededor de <strong>50 d\u00edas<\/strong> hasta que en <strong>enero de 2025<\/strong> el Superior Tribunal provincial orden\u00f3 su liberaci\u00f3n. Ahora el escenario jur\u00eddico es otro: ya no hay sentencia en revisi\u00f3n, hay sentencia firme.<\/p>\n<p>El ministro <strong>Ricardo Lorenzetti<\/strong> acompa\u00f1\u00f3 la decisi\u00f3n con un voto aclaratorio. Se\u00f1al\u00f3 que cuando la Corte rechaza un recurso por la v\u00eda del art\u00edculo 280, eso no equivale a que el tribunal haya revisado ni avalado la sentencia cuestionada. Cit\u00f3 el precedente <strong>&#8220;Vidal&#8221;<\/strong> para subrayar que el rechazo por inadmisibilidad no implica pronunciarse sobre la justicia o el acierto del fallo provincial. Dicho en criollo: la Corte no dijo que la condena est\u00e1 bien ni que est\u00e1 mal; dijo que no era su turno de opinar, y con eso alcanz\u00f3 para que todo quedara en pie.<\/p>\n<p>La pelota queda ahora en la cancha de la Justicia entrerriana, que deber\u00e1 definir los pasos concretos para ejecutar una condena que, despu\u00e9s de a\u00f1os de recursos y vueltas procesales, ya no tiene ning\u00fan horizonte de revisi\u00f3n extraordinaria.<\/p>\n<p><script type=\"application\/ld+json\">{\"@context\": \"https:\/\/schema.org\", \"@type\": \"NewsArticle\", \"headline\": \"Condena firme: la Corte cerr\u00f3 el \u00faltimo recurso de Urribarri\", \"description\": \"La Corte Suprema desestim\u00f3 los recursos extraordinarios del exgobernador entrerriano. La condena a ocho a\u00f1os de prisi\u00f3n ya no tiene instancias pendientes.\", \"datePublished\": \"2026-09-03T16:31:12-03:00\", \"dateModified\": \"2026-09-03T16:31:12-03:00\", \"inLanguage\": \"es-AR\", \"articleSection\": \"politica\", \"author\": {\"@type\": \"Organization\", \"name\": \"Redaccion LT15 Concordia\", \"url\": \"https:\/\/lt15concordia.com.ar\"}, \"publisher\": {\"@type\": \"Organization\", \"name\": \"LT15 Concordia\"}, \"mainEntityOfPage\": {\"@type\": \"WebPage\", \"@id\": \"https:\/\/lt15concordia.com.ar\/index.php\/2026\/09\/03\/condena-firme-la-corte-cerro-el-ultimo-recurso-de-urribarri\/\"}, \"image\": [\"https:\/\/www.diariojunio.com.ar\/wp-content\/uploads\/2025\/06\/904057-g0276956.jpg\"]}<\/script><\/p>\n","protected":false},"excerpt":{"rendered":"<p>La Corte Suprema desestim\u00f3 los recursos extraordinarios del exgobernador entrerriano. La condena a ocho a\u00f1os de prisi\u00f3n ya no tiene instancias pendientes.<\/p>\n","protected":false},"author":5,"featured_media":60987,"comment_status":"closed","ping_status":"closed","sticky":false,"template":"","format":"standard","meta":{"footnotes":""},"categories":[37],"tags":[4745,1751,63,4746,3531,272],"_links":{"self":[{"href":"https:\/\/lt15concordia.com.ar\/index.php\/wp-json\/wp\/v2\/posts\/60988"}],"collection":[{"href":"https:\/\/lt15concordia.com.ar\/index.php\/wp-json\/wp\/v2\/posts"}],"about":[{"href":"https:\/\/lt15concordia.com.ar\/index.php\/wp-json\/wp\/v2\/types\/post"}],"author":[{"embeddable":true,"href":"https:\/\/lt15concordia.com.ar\/index.php\/wp-json\/wp\/v2\/users\/5"}],"replies":[{"embeddable":true,"href":"https:\/\/lt15concordia.com.ar\/index.php\/wp-json\/wp\/v2\/comments?post=60988"}],"version-history":[{"count":2,"href":"https:\/\/lt15concordia.com.ar\/index.php\/wp-json\/wp\/v2\/posts\/60988\/revisions"}],"predecessor-version":[{"id":60990,"href":"https:\/\/lt15concordia.com.ar\/index.php\/wp-json\/wp\/v2\/posts\/60988\/revisions\/60990"}],"wp:featuredmedia":[{"embeddable":true,"href":"https:\/\/lt15concordia.com.ar\/index.php\/wp-json\/wp\/v2\/media\/60987"}],"wp:attachment":[{"href":"https:\/\/lt15concordia.com.ar\/index.php\/wp-json\/wp\/v2\/media?parent=60988"}],"wp:term":[{"taxonomy":"category","embeddable":true,"href":"https:\/\/lt15concordia.com.ar\/index.php\/wp-json\/wp\/v2\/categories?post=60988"},{"taxonomy":"post_tag","embeddable":true,"href":"https:\/\/lt15concordia.com.ar\/index.php\/wp-json\/wp\/v2\/tags?post=60988"}],"curies":[{"name":"wp","href":"https:\/\/api.w.org\/{rel}","templated":true}]}}