{"id":60979,"date":"2026-09-03T16:34:31","date_gmt":"2026-09-03T19:34:31","guid":{"rendered":"https:\/\/lt15concordia.com.ar\/?p=60979"},"modified":"2026-09-03T16:34:43","modified_gmt":"2026-09-03T19:34:43","slug":"ciclo-de-conferencias-virtuales-paisajes-y-memorias-de-la-entre-rios-profunda","status":"publish","type":"post","link":"https:\/\/lt15concordia.com.ar\/index.php\/2026\/09\/03\/ciclo-de-conferencias-virtuales-paisajes-y-memorias-de-la-entre-rios-profunda\/","title":{"rendered":"Ciclo de conferencias virtuales &#8220;Paisajes y memorias de la Entre R\u00edos profunda&#8221;"},"content":{"rendered":"\n<p><strong>La propuesta, organizada en el marco del 30\u00b0 aniversario de la inauguraci\u00f3n del Museo de Antropolog\u00eda y Ciencias Naturales \u201cNelson Oscar Vassallo\u201d, contar\u00e1 con siete conferencias virtuales entre septiembre y noviembre con el objetivo de generar un espacio de divulgaci\u00f3n, reflexi\u00f3n e intercambio en torno a los paisajes, las memorias y el patrimonio de la provincia de Entre R\u00edos<\/strong><br>\u00a0<br>Las inscripciones estar\u00e1n habilitadas a partir del 7 de septiembre, con cupos limitados. Cabe remarcar que se entregar\u00e1n certificados de asistencia a quienes participen de las actividades.<br>\u00a0<br>La iniciativa es organizada conjuntamente por el Museo de Antropolog\u00eda y Ciencias Naturales \u201cNelson Oscar Vassallo\u201d y la Coordinaci\u00f3n de Museos y Gesti\u00f3n Patrimonial, ambos dependiente de la Subsecretar\u00eda de Turismo; el Centro de Investigaci\u00f3n Cient\u00edfica y Tecnol\u00f3gica (CICYTTP-CONICET\/Entre R\u00edos\/UADER) y el Instituto de Profesorado Concordia (IPC).<\/p>\n\n\n\n<p>Fuente: Municipalidad de Concordia<\/p>\n","protected":false},"excerpt":{"rendered":"<p>La propuesta, organizada en el marco del 30\u00b0 aniversario de la inauguraci\u00f3n del Museo de Antropolog\u00eda y Ciencias Naturales \u201cNelson Oscar Vassallo\u201d, contar\u00e1 con siete conferencias virtuales entre septiembre y noviembre con el objetivo de generar un espacio de divulgaci\u00f3n, reflexi\u00f3n e intercambio en torno a los paisajes, las memorias y el patrimonio de la [&hellip;]<\/p>\n","protected":false},"author":5,"featured_media":60999,"comment_status":"open","ping_status":"open","sticky":false,"template":"","format":"standard","meta":{"footnotes":""},"categories":[30],"tags":[],"_links":{"self":[{"href":"https:\/\/lt15concordia.com.ar\/index.php\/wp-json\/wp\/v2\/posts\/60979"}],"collection":[{"href":"https:\/\/lt15concordia.com.ar\/index.php\/wp-json\/wp\/v2\/posts"}],"about":[{"href":"https:\/\/lt15concordia.com.ar\/index.php\/wp-json\/wp\/v2\/types\/post"}],"author":[{"embeddable":true,"href":"https:\/\/lt15concordia.com.ar\/index.php\/wp-json\/wp\/v2\/users\/5"}],"replies":[{"embeddable":true,"href":"https:\/\/lt15concordia.com.ar\/index.php\/wp-json\/wp\/v2\/comments?post=60979"}],"version-history":[{"count":1,"href":"https:\/\/lt15concordia.com.ar\/index.php\/wp-json\/wp\/v2\/posts\/60979\/revisions"}],"predecessor-version":[{"id":61000,"href":"https:\/\/lt15concordia.com.ar\/index.php\/wp-json\/wp\/v2\/posts\/60979\/revisions\/61000"}],"wp:featuredmedia":[{"embeddable":true,"href":"https:\/\/lt15concordia.com.ar\/index.php\/wp-json\/wp\/v2\/media\/60999"}],"wp:attachment":[{"href":"https:\/\/lt15concordia.com.ar\/index.php\/wp-json\/wp\/v2\/media?parent=60979"}],"wp:term":[{"taxonomy":"category","embeddable":true,"href":"https:\/\/lt15concordia.com.ar\/index.php\/wp-json\/wp\/v2\/categories?post=60979"},{"taxonomy":"post_tag","embeddable":true,"href":"https:\/\/lt15concordia.com.ar\/index.php\/wp-json\/wp\/v2\/tags?post=60979"}],"curies":[{"name":"wp","href":"https:\/\/api.w.org\/{rel}","templated":true}]}}