{"id":60961,"date":"2026-09-03T16:13:31","date_gmt":"2026-09-03T19:13:31","guid":{"rendered":"https:\/\/lt15concordia.com.ar\/?p=60961"},"modified":"2026-09-03T16:13:41","modified_gmt":"2026-09-03T19:13:41","slug":"abren-inscripciones-para-capacitar-a-docentes-entrerrianos-en-el-uso-de-inteligencia-artificial-en-el-aula","status":"publish","type":"post","link":"https:\/\/lt15concordia.com.ar\/index.php\/2026\/09\/03\/abren-inscripciones-para-capacitar-a-docentes-entrerrianos-en-el-uso-de-inteligencia-artificial-en-el-aula\/","title":{"rendered":"Abren inscripciones para capacitar a docentes entrerrianos en el uso de inteligencia artificial en el aula"},"content":{"rendered":"\n<p><strong>Ya est\u00e1n abiertas las inscripciones para Ense\u00f1ar Conectados 2.0, la nueva etapa del programa gratuito de formaci\u00f3n docente de Entre R\u00edos. Este a\u00f1o el objetivo es profundizar la capacitaci\u00f3n en el uso pedag\u00f3gico, cr\u00edtico y responsable de herramientas de inteligencia artificial y otorga puntaje docente<\/strong><\/p>\n\n\n\n<p>El programa es impulsado por la Secretar\u00eda de Modernizaci\u00f3n, Ciencia, Tecnolog\u00eda e Innovaci\u00f3n, dependiente de la Secretar\u00eda General de la Gobernaci\u00f3n, el Consejo General de Educaci\u00f3n (CGE) y la Fundaci\u00f3n Potenciar Argentina, con el acompa\u00f1amiento del Consejo Federal de Inversiones (CFI).<\/p>\n\n\n\n<p>Ense\u00f1ar Conectados 2.0 da continuidad al programa desarrollado durante 2025, que alcanz\u00f3 a 9.652 docentes de toda la provincia. La primera edici\u00f3n estuvo orientada a fortalecer la alfabetizaci\u00f3n digital y el uso pedag\u00f3gico de tecnolog\u00edas en el aula, con contenidos sobre herramientas digitales, producci\u00f3n audiovisual, juegos educativos, seguridad y evaluaci\u00f3n en entornos digitales.<\/p>\n\n\n\n<p>Esta nueva edici\u00f3n busca que las docentes puedan incorporar la inteligencia artificial como una herramienta concreta para la planificaci\u00f3n de clases, la producci\u00f3n de materiales did\u00e1cticos, la generaci\u00f3n de actividades, la evaluaci\u00f3n y el acompa\u00f1amiento de las y los estudiantes, promoviendo al mismo tiempo un uso cr\u00edtico, \u00e9tico y responsable de estas tecnolog\u00edas.<\/p>\n\n\n\n<p>La propuesta es gratuita, virtual y autoasistida, y est\u00e1 destinada a docentes en ejercicio de todos los niveles y modalidades de la provincia. Al tratarse de una modalidad autoasistida, cada docente podr\u00e1 organizar sus tiempos de cursado dentro de las ocho semanas previstas para completar la formaci\u00f3n. El recorrido contempla ocho m\u00f3dulos para los niveles Inicial, Primario, Secundario y Superior, mientras que Educaci\u00f3n F\u00edsica contar\u00e1 con seis m\u00f3dulos. La capacitaci\u00f3n otorga certificado con puntaje docente.<\/p>\n\n\n\n<p><strong>Contenidos<\/strong><\/p>\n\n\n\n<p>Los primeros cuatro m\u00f3dulos son comunes a todos los niveles y modalidades: IA en la vida cotidiana; \u00bfC\u00f3mo funciona la IA?; IA y educaci\u00f3n; y Uso \u00e9tico de la IA. A partir del quinto m\u00f3dulo, los contenidos se adaptan a cada nivel y modalidad educativa, con propuestas espec\u00edficas sobre creaci\u00f3n de materiales y narrativas con IA en Nivel Inicial; escritura, proyectos y evaluaci\u00f3n en Primaria; m\u00e9todos de estudio, pensamiento cr\u00edtico y creaci\u00f3n con IA en Secundaria; y planificaci\u00f3n, \u00e9tica, dise\u00f1o educativo e investigaci\u00f3n en Superior. Educaci\u00f3n F\u00edsica contar\u00e1 adem\u00e1s con contenidos espec\u00edficos sobre planificaci\u00f3n de clases con recursos digitales e IA y juegos orientados al desarrollo de valores.<\/p>\n\n\n\n<p><strong>Inscripciones y cursado<\/strong><\/p>\n\n\n\n<p>Del 3 al 15 de septiembre estar\u00e1n abiertas las inscripciones, con un cupo de hasta 5.000 participantes por nivel o modalidad. El 21 de septiembre se habilitar\u00e1 el aula en la plataforma Atam\u00e1 para comenzar el cursado, que permanecer\u00e1 disponible durante ocho semanas, hasta el 16 de noviembre.<\/p>\n\n\n\n<p>Fuente: Gobierno de Entre R\u00edos<\/p>\n","protected":false},"excerpt":{"rendered":"<p>Ya est\u00e1n abiertas las inscripciones para Ense\u00f1ar Conectados 2.0, la nueva etapa del programa gratuito de formaci\u00f3n docente de Entre R\u00edos. Este a\u00f1o el objetivo es profundizar la capacitaci\u00f3n en el uso pedag\u00f3gico, cr\u00edtico y responsable de herramientas de inteligencia artificial y otorga puntaje docente El programa es impulsado por la Secretar\u00eda de Modernizaci\u00f3n, Ciencia, [&hellip;]<\/p>\n","protected":false},"author":5,"featured_media":60964,"comment_status":"open","ping_status":"open","sticky":false,"template":"","format":"standard","meta":{"footnotes":""},"categories":[37],"tags":[],"_links":{"self":[{"href":"https:\/\/lt15concordia.com.ar\/index.php\/wp-json\/wp\/v2\/posts\/60961"}],"collection":[{"href":"https:\/\/lt15concordia.com.ar\/index.php\/wp-json\/wp\/v2\/posts"}],"about":[{"href":"https:\/\/lt15concordia.com.ar\/index.php\/wp-json\/wp\/v2\/types\/post"}],"author":[{"embeddable":true,"href":"https:\/\/lt15concordia.com.ar\/index.php\/wp-json\/wp\/v2\/users\/5"}],"replies":[{"embeddable":true,"href":"https:\/\/lt15concordia.com.ar\/index.php\/wp-json\/wp\/v2\/comments?post=60961"}],"version-history":[{"count":1,"href":"https:\/\/lt15concordia.com.ar\/index.php\/wp-json\/wp\/v2\/posts\/60961\/revisions"}],"predecessor-version":[{"id":60965,"href":"https:\/\/lt15concordia.com.ar\/index.php\/wp-json\/wp\/v2\/posts\/60961\/revisions\/60965"}],"wp:featuredmedia":[{"embeddable":true,"href":"https:\/\/lt15concordia.com.ar\/index.php\/wp-json\/wp\/v2\/media\/60964"}],"wp:attachment":[{"href":"https:\/\/lt15concordia.com.ar\/index.php\/wp-json\/wp\/v2\/media?parent=60961"}],"wp:term":[{"taxonomy":"category","embeddable":true,"href":"https:\/\/lt15concordia.com.ar\/index.php\/wp-json\/wp\/v2\/categories?post=60961"},{"taxonomy":"post_tag","embeddable":true,"href":"https:\/\/lt15concordia.com.ar\/index.php\/wp-json\/wp\/v2\/tags?post=60961"}],"curies":[{"name":"wp","href":"https:\/\/api.w.org\/{rel}","templated":true}]}}