{"id":60959,"date":"2026-09-03T16:06:49","date_gmt":"2026-09-03T19:06:49","guid":{"rendered":"https:\/\/lt15concordia.com.ar\/?p=60959"},"modified":"2026-09-03T16:07:04","modified_gmt":"2026-09-03T19:07:04","slug":"tenemos-que-reconstruir-esa-confianza-perdida-de-la-gente-en-la-politica-afirmo-frigerio-al-recorrer-la-obra-de-la-ruta-20","status":"publish","type":"post","link":"https:\/\/lt15concordia.com.ar\/index.php\/2026\/09\/03\/tenemos-que-reconstruir-esa-confianza-perdida-de-la-gente-en-la-politica-afirmo-frigerio-al-recorrer-la-obra-de-la-ruta-20\/","title":{"rendered":"&#8220;Tenemos que reconstruir esa confianza perdida de la gente en la pol\u00edtica&#8221;, afirm\u00f3 Frigerio al recorrer la obra de la ruta 20"},"content":{"rendered":"\n<p><strong>El gobernador Rogelio Frigerio recorri\u00f3 los trabajos que se est\u00e1n realizando en la ruta 20 que conecta el norte entrerriano con el centro. La obra fue licitada tres veces, pero hasta ahora nunca se hab\u00eda iniciado. \u00a0Con el 45 por ciento de avance en menos de un a\u00f1o, la traza beneficia a la producci\u00f3n y la educaci\u00f3n. &#8220;De a poco estamos poni\u00e9ndonos al d\u00eda con a\u00f1os de desidia y abandono. Tenemos que reconstruir esa confianza perdida de la gente en la pol\u00edtica precisamente por hacer las cosas mal&#8221;, sostuvo el mandatario.<\/strong><\/p>\n\n\n\n<p>Se trata de una obra estrat\u00e9gica debido al alto potencial productivo de la regi\u00f3n. En este &nbsp;tramo, la ruta provincial N\u00b0 20 constituye un corredor troncal que vincula los departamentos Villaguay y Federal, facilitando el transporte de la producci\u00f3n y mejorando la conectividad regional.<\/p>\n\n\n\n<p>Al respecto, el gobernador record\u00f3 que es una obra que &#8220;desde hace d\u00e9cadas es pedida por los frentistas, por los vecinos. Nosotros decidimos arrancar la obra, llevarla a este punto para mostrarla porque los vecinos estaban muy desencantados. Fueron creo que tres veces que se licit\u00f3, se prometi\u00f3 y nunca se arrancaba nada. As\u00ed que hicimos al rev\u00e9s. Primero empezamos, hicimos casi la mitad de la obra y ahora estamos recorri\u00e9ndola&#8221;, detall\u00f3.<\/p>\n\n\n\n<p>&#8220;Tenemos que reconstruir esa confianza perdida de la gente en la pol\u00edtica precisamente por hacer las cosas mal. Ahora de a poco estamos poni\u00e9ndonos al d\u00eda con 20, 30 a\u00f1os de desidia y de abandono&#8221;, asegur\u00f3.<\/p>\n\n\n\n<p>Respecto de la conexi\u00f3n de la ruta 20 con las rutas nacionales 18 y 14, Frigerio la calific\u00f3 como &#8220;fundamental&#8221; y se refiri\u00f3 a la importancia que &#8220;Naci\u00f3n haya concesionado y est\u00e9n arreglando la 14 y que terminen la 18. Tengo ese compromiso por parte del Presidente de que la terminar\u00e1n y que se empezar\u00e1 fuerte todo el tramo de Paran\u00e1 Villaguay. Vamos a ir control\u00e1ndolo todos los d\u00edas para que efectivamente sea as\u00ed&#8221;, remarc\u00f3.<\/p>\n\n\n\n<p>Por su parte, el vecino del lugar Aldo Kuttel &nbsp;dijo tener &#8220;una alegr\u00eda enorme&#8221; y que &#8220;no les cre\u00eda a los otros que se pasaron a puras promesas y far\u00e1ndulas, y ahora estamos viendo una realidad que es un sue\u00f1o para los vecinos. Antes llegaba a pasar cuatro a\u00f1os que no ve\u00edamos una m\u00e1quina vial en la zona nuestra y ahora cuando hay alg\u00fan problema uno le avisa a la presidenta de la comuna y enseguida est\u00e1n presentes solucion\u00e1ndolo en lo posible porque por ah\u00ed hay barro y no pueden trabajar&#8221;, coment\u00f3.<\/p>\n\n\n\n<p>A su turno, la presidenta comunal de Lucas Sur Primero, Andrea Regruello, manifest\u00f3 su orgullo por &#8220;lograr que se pueda continuar la ruta 20 despu\u00e9s de tantos a\u00f1os en espera&#8221; y agradeci\u00f3 la decisi\u00f3n que Lucas Sur Primero pase oportunamente a comuna porque ayuda a &#8220;poder seguir trabajando y poder responderle a la gente como corresponde&#8221;.<\/p>\n\n\n\n<p>En tanto, el director Zonal Villaguay de Vialidad, Juan Ram\u00edrez, precis\u00f3 que &#8220;la obra se encuentra en un 45% en menos de un a\u00f1o, cuando el a\u00f1o pasado los vecinos pensaban que no se iba a hacer despu\u00e9s de tantas promesas. Nosotros de Vialidad ten\u00edamos la certeza, el gobernador nos hab\u00eda dado la palabra que la obra se iba a hacer. Era un reclamo hist\u00f3rico de Villaguay que afectaba un mont\u00f3n de productores que invierten ac\u00e1, de escuelas que pasaban semanas sin clases tambi\u00e9n por el tema de esta ruta. Es hist\u00f3rico lo que se est\u00e1 haciendo ac\u00e1&#8221;, concluy\u00f3.<\/p>\n\n\n\n<p>Detalles<\/p>\n\n\n\n<p>El tramo de la ruta provincial N\u00b0 20 que visit\u00f3 Frigerio corresponde al que va de la ruta nacional N\u00b0 18 a la escuela N\u00b0 77 El Peric\u00f3n. Los trabajos contemplan obras b\u00e1sicas, pavimento y ensanche de puentes en el departamento. Con fecha de inicio en abril de 2026, el avance es del 45 por ciento y el monto de contrato asciende a 46.088.478.386 pesos. El financiamiento proviene de la provincia.<\/p>\n\n\n\n<p>Fuente: Gobierno de Entre R\u00edos<\/p>\n","protected":false},"excerpt":{"rendered":"<p>El gobernador Rogelio Frigerio recorri\u00f3 los trabajos que se est\u00e1n realizando en la ruta 20 que conecta el norte entrerriano con el centro. La obra fue licitada tres veces, pero hasta ahora nunca se hab\u00eda iniciado. \u00a0Con el 45 por ciento de avance en menos de un a\u00f1o, la traza beneficia a la producci\u00f3n y [&hellip;]<\/p>\n","protected":false},"author":5,"featured_media":60962,"comment_status":"open","ping_status":"open","sticky":false,"template":"","format":"standard","meta":{"footnotes":""},"categories":[37],"tags":[],"_links":{"self":[{"href":"https:\/\/lt15concordia.com.ar\/index.php\/wp-json\/wp\/v2\/posts\/60959"}],"collection":[{"href":"https:\/\/lt15concordia.com.ar\/index.php\/wp-json\/wp\/v2\/posts"}],"about":[{"href":"https:\/\/lt15concordia.com.ar\/index.php\/wp-json\/wp\/v2\/types\/post"}],"author":[{"embeddable":true,"href":"https:\/\/lt15concordia.com.ar\/index.php\/wp-json\/wp\/v2\/users\/5"}],"replies":[{"embeddable":true,"href":"https:\/\/lt15concordia.com.ar\/index.php\/wp-json\/wp\/v2\/comments?post=60959"}],"version-history":[{"count":1,"href":"https:\/\/lt15concordia.com.ar\/index.php\/wp-json\/wp\/v2\/posts\/60959\/revisions"}],"predecessor-version":[{"id":60963,"href":"https:\/\/lt15concordia.com.ar\/index.php\/wp-json\/wp\/v2\/posts\/60959\/revisions\/60963"}],"wp:featuredmedia":[{"embeddable":true,"href":"https:\/\/lt15concordia.com.ar\/index.php\/wp-json\/wp\/v2\/media\/60962"}],"wp:attachment":[{"href":"https:\/\/lt15concordia.com.ar\/index.php\/wp-json\/wp\/v2\/media?parent=60959"}],"wp:term":[{"taxonomy":"category","embeddable":true,"href":"https:\/\/lt15concordia.com.ar\/index.php\/wp-json\/wp\/v2\/categories?post=60959"},{"taxonomy":"post_tag","embeddable":true,"href":"https:\/\/lt15concordia.com.ar\/index.php\/wp-json\/wp\/v2\/tags?post=60959"}],"curies":[{"name":"wp","href":"https:\/\/api.w.org\/{rel}","templated":true}]}}