{"id":60948,"date":"2026-09-03T14:32:04","date_gmt":"2026-09-03T17:32:04","guid":{"rendered":"https:\/\/lt15concordia.com.ar\/?p=60948"},"modified":"2026-09-03T14:32:16","modified_gmt":"2026-09-03T17:32:16","slug":"hidrogeno-verde-el-gobierno-celebro-que-la-planta-no-ira-frente-a-colon","status":"publish","type":"post","link":"https:\/\/lt15concordia.com.ar\/index.php\/2026\/09\/03\/hidrogeno-verde-el-gobierno-celebro-que-la-planta-no-ira-frente-a-colon\/","title":{"rendered":"Hidr\u00f3geno verde: el gobierno celebr\u00f3 que la planta no ir\u00e1 frente a Col\u00f3n"},"content":{"rendered":"<p>El gobierno entrerriano respir\u00f3 aliviado. La planta de <strong>hidr\u00f3geno verde<\/strong> que estaba prevista frente a <strong>Col\u00f3n<\/strong> no se instalar\u00e1 ah\u00ed, y el funcionario provincial <strong>Mauricio Colello<\/strong> no tard\u00f3 en salir a celebrarlo.<\/p>\n<p>La preocupaci\u00f3n era concreta: una de las <strong>principales ciudades tur\u00edsticas de Entre R\u00edos<\/strong> pod\u00eda verse afectada por el impacto de un proyecto industrial de esa envergadura. El turismo es el motor econ\u00f3mico de Col\u00f3n, y cualquier amenaza a su imagen o a su entorno natural genera alarma inmediata en la regi\u00f3n.<\/p>\n<p><strong>&#8220;El camino era el di\u00e1logo&#8221;<\/strong>, fue la frase que eligi\u00f3 Colello para resumir c\u00f3mo se lleg\u00f3 a la relocalizaci\u00f3n. Una definici\u00f3n que suena razonable pero que tambi\u00e9n deja en el aire una pregunta v\u00e1lida: cu\u00e1nto tiempo y cu\u00e1nta presi\u00f3n hicieron falta para que ese di\u00e1logo diera resultado.<\/p>\n<p>La <strong>relocalizaci\u00f3n de la planta<\/strong> es, en los hechos, una victoria para quienes levantaron la voz a tiempo. El hidr\u00f3geno verde es una apuesta energ\u00e9tica con futuro, nadie lo discute, pero su emplazamiento no puede ser a cualquier costo ni en cualquier lugar. El equilibrio entre desarrollo y preservaci\u00f3n del patrimonio tur\u00edstico y ambiental no es un capricho: es una condici\u00f3n.<\/p>\n<p>El gobierno provincial ahora deber\u00e1 definir d\u00f3nde s\u00ed se instalar\u00e1 el proyecto, una decisi\u00f3n que tendr\u00e1 que estar acompa\u00f1ada del mismo nivel de di\u00e1logo que, seg\u00fan Colello, resolvi\u00f3 este primer conflicto.<\/p>\n<p><script type=\"application\/ld+json\">{\"@context\": \"https:\/\/schema.org\", \"@type\": \"NewsArticle\", \"headline\": \"Hidr\u00f3geno verde: el gobierno celebr\u00f3 que la planta no ir\u00e1 frente a Col\u00f3n\", \"description\": \"Mauricio Colello festej\u00f3 la relocalizaci\u00f3n del proyecto y dijo que el di\u00e1logo fue clave para proteger a la ciudad tur\u00edstica.\", \"datePublished\": \"2026-09-03T14:32:15-03:00\", \"dateModified\": \"2026-09-03T14:32:15-03:00\", \"inLanguage\": \"es-AR\", \"articleSection\": \"politica\", \"author\": {\"@type\": \"Organization\", \"name\": \"Redaccion LT15 Concordia\", \"url\": \"https:\/\/lt15concordia.com.ar\"}, \"publisher\": {\"@type\": \"Organization\", \"name\": \"LT15 Concordia\"}, \"mainEntityOfPage\": {\"@type\": \"WebPage\", \"@id\": \"https:\/\/lt15concordia.com.ar\/index.php\/2026\/09\/03\/hidrogeno-verde-el-gobierno-celebro-que-la-planta-no-ira-frente-a-colon\/\"}, \"image\": [\"https:\/\/elonce-media.elonce.com\/fotos\/2026\/09\/03\/m_1788450173_63771.webp\"]}<\/script><\/p>\n","protected":false},"excerpt":{"rendered":"<p>Mauricio Colello festej\u00f3 la relocalizaci\u00f3n del proyecto y dijo que el di\u00e1logo fue clave para proteger a la ciudad tur\u00edstica.<\/p>\n","protected":false},"author":5,"featured_media":60947,"comment_status":"closed","ping_status":"closed","sticky":false,"template":"","format":"standard","meta":{"footnotes":""},"categories":[37],"tags":[4742,270,55,63,4697,4743],"_links":{"self":[{"href":"https:\/\/lt15concordia.com.ar\/index.php\/wp-json\/wp\/v2\/posts\/60948"}],"collection":[{"href":"https:\/\/lt15concordia.com.ar\/index.php\/wp-json\/wp\/v2\/posts"}],"about":[{"href":"https:\/\/lt15concordia.com.ar\/index.php\/wp-json\/wp\/v2\/types\/post"}],"author":[{"embeddable":true,"href":"https:\/\/lt15concordia.com.ar\/index.php\/wp-json\/wp\/v2\/users\/5"}],"replies":[{"embeddable":true,"href":"https:\/\/lt15concordia.com.ar\/index.php\/wp-json\/wp\/v2\/comments?post=60948"}],"version-history":[{"count":2,"href":"https:\/\/lt15concordia.com.ar\/index.php\/wp-json\/wp\/v2\/posts\/60948\/revisions"}],"predecessor-version":[{"id":60950,"href":"https:\/\/lt15concordia.com.ar\/index.php\/wp-json\/wp\/v2\/posts\/60948\/revisions\/60950"}],"wp:featuredmedia":[{"embeddable":true,"href":"https:\/\/lt15concordia.com.ar\/index.php\/wp-json\/wp\/v2\/media\/60947"}],"wp:attachment":[{"href":"https:\/\/lt15concordia.com.ar\/index.php\/wp-json\/wp\/v2\/media?parent=60948"}],"wp:term":[{"taxonomy":"category","embeddable":true,"href":"https:\/\/lt15concordia.com.ar\/index.php\/wp-json\/wp\/v2\/categories?post=60948"},{"taxonomy":"post_tag","embeddable":true,"href":"https:\/\/lt15concordia.com.ar\/index.php\/wp-json\/wp\/v2\/tags?post=60948"}],"curies":[{"name":"wp","href":"https:\/\/api.w.org\/{rel}","templated":true}]}}