{"id":60940,"date":"2026-09-03T13:31:44","date_gmt":"2026-09-03T16:31:44","guid":{"rendered":"https:\/\/lt15concordia.com.ar\/?p=60940"},"modified":"2026-09-03T13:31:56","modified_gmt":"2026-09-03T16:31:56","slug":"35-anos-de-ferreteria-en-parana-la-venta-grande-ya-no-esta","status":"publish","type":"post","link":"https:\/\/lt15concordia.com.ar\/index.php\/2026\/09\/03\/35-anos-de-ferreteria-en-parana-la-venta-grande-ya-no-esta\/","title":{"rendered":"35 a\u00f1os de ferreter\u00eda en Paran\u00e1: &#8220;La venta grande ya no est\u00e1&#8221;"},"content":{"rendered":"<p>Treinta y cinco a\u00f1os parado detr\u00e1s del mostrador. Eso es lo que acumula <strong>Roberto Meglio<\/strong>, ferretero de <strong>Paran\u00e1<\/strong>, un oficio que vio cambiar de punta a punta sin perder su esencia: saber qu\u00e9 necesita el cliente antes de que \u00e9l mismo lo sepa.<\/p>\n<p>En el marco del <strong>D\u00eda del Ferretero<\/strong>, Meglio hizo un balance honesto de su trayectoria y no esquiv\u00f3 la pregunta que m\u00e1s incomoda al sector: el avance del comercio electr\u00f3nico. <strong>&#8220;La venta grande ya no est\u00e1&#8221;<\/strong>, admiti\u00f3 sin vueltas, en una frase que resume una transformaci\u00f3n que sacudi\u00f3 a los comercios de proximidad en todo el pa\u00eds.<\/p>\n<p>El cambio no fue de golpe. Fue gradual, silencioso, como suelen ser los que m\u00e1s duelen. Primero llegaron los hipermercados con g\u00f3ndolas de ferreter\u00eda, despu\u00e9s las plataformas online que ofrecen desde un tornillo hasta una amoladora con env\u00edo a domicilio. El cliente que antes entraba a preguntar y se llevaba media ferreter\u00eda hoy compara precios en el celular antes de cruzar la puerta.<\/p>\n<p>Pero Meglio no se qued\u00f3 en la queja. Lo que rescat\u00f3 es algo que ning\u00fan algoritmo puede reemplazar: <strong>el conocimiento del oficio<\/strong>. En una ferreter\u00eda de barrio, muchas veces una consulta vale tanto como una venta. El vecino que no sabe qu\u00e9 bul\u00f3n usar, el plomero que necesita una medida espec\u00edfica a las siete de la ma\u00f1ana, el jubilado que quiere arreglar algo en casa y no entiende el cat\u00e1logo online. Para todos ellos, el ferretero sigue siendo una figura irremplazable.<\/p>\n<p>Treinta y cinco a\u00f1os tambi\u00e9n son historia viva de la econom\u00eda argentina. Meglio pas\u00f3 por hiperinflaciones, convertibilidad, corralito, devaluaciones y la monta\u00f1a rusa de los \u00faltimos a\u00f1os. Cada crisis dej\u00f3 su marca en el mostrador: clientes que desaparecieron, proveedores que cerraron, precios que se actualizaban antes de que llegara la nueva lista.<\/p>\n<p>El <strong>D\u00eda del Ferretero<\/strong> es una ocasi\u00f3n para reconocer un comercio que sostiene la cadena de la construcci\u00f3n y el mantenimiento cotidiano, muchas veces sin el reconocimiento que merece. En ciudades como <strong>Paran\u00e1<\/strong>, donde la actividad de la construcci\u00f3n y la refacci\u00f3n de viviendas mueve buena parte de la econom\u00eda local, el ferretero de barrio sigue siendo un eslab\u00f3n clave que resiste, se adapta y no cierra la persiana.<\/p>\n<p><script type=\"application\/ld+json\">{\"@context\": \"https:\/\/schema.org\", \"@type\": \"NewsArticle\", \"headline\": \"35 a\u00f1os de ferreter\u00eda en Paran\u00e1: \\\"La venta grande ya no est\u00e1\\\"\", \"description\": \"Roberto Meglio lleva 35 a\u00f1os detr\u00e1s del mostrador en Paran\u00e1. En el D\u00eda del Ferretero, repas\u00f3 c\u00f3mo cambi\u00f3 el negocio con el auge del comercio online.\", \"datePublished\": \"2026-09-03T13:31:56-03:00\", \"dateModified\": \"2026-09-03T13:31:56-03:00\", \"inLanguage\": \"es-AR\", \"articleSection\": \"economia\", \"author\": {\"@type\": \"Organization\", \"name\": \"Redaccion LT15 Concordia\", \"url\": \"https:\/\/lt15concordia.com.ar\"}, \"publisher\": {\"@type\": \"Organization\", \"name\": \"LT15 Concordia\"}, \"mainEntityOfPage\": {\"@type\": \"WebPage\", \"@id\": \"https:\/\/lt15concordia.com.ar\/index.php\/2026\/09\/03\/35-anos-de-ferreteria-en-parana-la-venta-grande-ya-no-esta\/\"}, \"image\": [\"https:\/\/elonce-media.elonce.com\/fotos\/2026\/09\/03\/m_1788450601_83748.webp\"]}<\/script><\/p>\n","protected":false},"excerpt":{"rendered":"<p>Roberto Meglio lleva 35 a\u00f1os detr\u00e1s del mostrador en Paran\u00e1. En el D\u00eda del Ferretero, repas\u00f3 c\u00f3mo cambi\u00f3 el negocio con el auge del comercio online.<\/p>\n","protected":false},"author":5,"featured_media":60939,"comment_status":"closed","ping_status":"closed","sticky":false,"template":"","format":"standard","meta":{"footnotes":""},"categories":[37],"tags":[630,4740,1913,4739,67],"_links":{"self":[{"href":"https:\/\/lt15concordia.com.ar\/index.php\/wp-json\/wp\/v2\/posts\/60940"}],"collection":[{"href":"https:\/\/lt15concordia.com.ar\/index.php\/wp-json\/wp\/v2\/posts"}],"about":[{"href":"https:\/\/lt15concordia.com.ar\/index.php\/wp-json\/wp\/v2\/types\/post"}],"author":[{"embeddable":true,"href":"https:\/\/lt15concordia.com.ar\/index.php\/wp-json\/wp\/v2\/users\/5"}],"replies":[{"embeddable":true,"href":"https:\/\/lt15concordia.com.ar\/index.php\/wp-json\/wp\/v2\/comments?post=60940"}],"version-history":[{"count":2,"href":"https:\/\/lt15concordia.com.ar\/index.php\/wp-json\/wp\/v2\/posts\/60940\/revisions"}],"predecessor-version":[{"id":60942,"href":"https:\/\/lt15concordia.com.ar\/index.php\/wp-json\/wp\/v2\/posts\/60940\/revisions\/60942"}],"wp:featuredmedia":[{"embeddable":true,"href":"https:\/\/lt15concordia.com.ar\/index.php\/wp-json\/wp\/v2\/media\/60939"}],"wp:attachment":[{"href":"https:\/\/lt15concordia.com.ar\/index.php\/wp-json\/wp\/v2\/media?parent=60940"}],"wp:term":[{"taxonomy":"category","embeddable":true,"href":"https:\/\/lt15concordia.com.ar\/index.php\/wp-json\/wp\/v2\/categories?post=60940"},{"taxonomy":"post_tag","embeddable":true,"href":"https:\/\/lt15concordia.com.ar\/index.php\/wp-json\/wp\/v2\/tags?post=60940"}],"curies":[{"name":"wp","href":"https:\/\/api.w.org\/{rel}","templated":true}]}}