{"id":60936,"date":"2026-09-03T13:30:52","date_gmt":"2026-09-03T16:30:52","guid":{"rendered":"https:\/\/lt15concordia.com.ar\/?p=60936"},"modified":"2026-09-03T13:31:03","modified_gmt":"2026-09-03T16:31:03","slug":"tunel-subfluvial-habra-reduccion-de-calzada-este-viernes-por-limpieza","status":"publish","type":"post","link":"https:\/\/lt15concordia.com.ar\/index.php\/2026\/09\/03\/tunel-subfluvial-habra-reduccion-de-calzada-este-viernes-por-limpieza\/","title":{"rendered":"T\u00fanel Subfluvial: habr\u00e1 reducci\u00f3n de calzada este viernes por limpieza"},"content":{"rendered":"<p>Este viernes el <strong>T\u00fanel Subfluvial Ra\u00fal Uranga &#8211; Carlos Sylvestre Begnis<\/strong> tendr\u00e1 reducci\u00f3n de calzada por un operativo de limpieza que no es menor: se trata de desobstruir los desag\u00fces en distintos sectores de su jurisdicci\u00f3n para mejorar el escurrimiento del agua de lluvia.<\/p>\n<p>El trabajo se har\u00e1 en conjunto con <strong>Aguas Santafesinas<\/strong> y apunta a optimizar el sistema pluvial antes de que el tiempo juegue en contra. La intervenci\u00f3n abarcar\u00e1 <strong>distintos sectores<\/strong> del \u00e1rea bajo administraci\u00f3n del Ente Interprovincial, lo que obliga a reducir temporalmente el ancho disponible de la calzada.<\/p>\n<p>Quienes tengan previsto cruzar el t\u00fanel este viernes deben contemplar posibles demoras y estar atentos a las indicaciones del personal en el lugar. La recomendaci\u00f3n es circular con precauci\u00f3n y respetar la se\u00f1alizaci\u00f3n que se disponga durante el operativo.<\/p>\n<p><script type=\"application\/ld+json\">{\"@context\": \"https:\/\/schema.org\", \"@type\": \"NewsArticle\", \"headline\": \"T\u00fanel Subfluvial: habr\u00e1 reducci\u00f3n de calzada este viernes por limpieza\", \"description\": \"El Ente Interprovincial del T\u00fanel Subfluvial realizar\u00e1 un operativo de limpieza y desobstrucci\u00f3n de desag\u00fces junto a Aguas Santafesinas.\", \"datePublished\": \"2026-09-03T13:31:03-03:00\", \"dateModified\": \"2026-09-03T13:31:03-03:00\", \"inLanguage\": \"es-AR\", \"articleSection\": \"sociedad\", \"author\": {\"@type\": \"Organization\", \"name\": \"Redaccion LT15 Concordia\", \"url\": \"https:\/\/lt15concordia.com.ar\"}, \"publisher\": {\"@type\": \"Organization\", \"name\": \"LT15 Concordia\"}, \"mainEntityOfPage\": {\"@type\": \"WebPage\", \"@id\": \"https:\/\/lt15concordia.com.ar\/index.php\/2026\/09\/03\/tunel-subfluvial-habra-reduccion-de-calzada-este-viernes-por-limpieza\/\"}, \"image\": [\"https:\/\/elonce-media.elonce.com\/fotos\/2026\/06\/05\/m_1780684670_66021.webp\"]}<\/script><\/p>\n","protected":false},"excerpt":{"rendered":"<p>El Ente Interprovincial del T\u00fanel Subfluvial realizar\u00e1 un operativo de limpieza y desobstrucci\u00f3n de desag\u00fces junto a Aguas Santafesinas.<\/p>\n","protected":false},"author":5,"featured_media":60935,"comment_status":"closed","ping_status":"closed","sticky":false,"template":"","format":"standard","meta":{"footnotes":""},"categories":[37],"tags":[4738,63,67,328,466,1071],"_links":{"self":[{"href":"https:\/\/lt15concordia.com.ar\/index.php\/wp-json\/wp\/v2\/posts\/60936"}],"collection":[{"href":"https:\/\/lt15concordia.com.ar\/index.php\/wp-json\/wp\/v2\/posts"}],"about":[{"href":"https:\/\/lt15concordia.com.ar\/index.php\/wp-json\/wp\/v2\/types\/post"}],"author":[{"embeddable":true,"href":"https:\/\/lt15concordia.com.ar\/index.php\/wp-json\/wp\/v2\/users\/5"}],"replies":[{"embeddable":true,"href":"https:\/\/lt15concordia.com.ar\/index.php\/wp-json\/wp\/v2\/comments?post=60936"}],"version-history":[{"count":2,"href":"https:\/\/lt15concordia.com.ar\/index.php\/wp-json\/wp\/v2\/posts\/60936\/revisions"}],"predecessor-version":[{"id":60938,"href":"https:\/\/lt15concordia.com.ar\/index.php\/wp-json\/wp\/v2\/posts\/60936\/revisions\/60938"}],"wp:featuredmedia":[{"embeddable":true,"href":"https:\/\/lt15concordia.com.ar\/index.php\/wp-json\/wp\/v2\/media\/60935"}],"wp:attachment":[{"href":"https:\/\/lt15concordia.com.ar\/index.php\/wp-json\/wp\/v2\/media?parent=60936"}],"wp:term":[{"taxonomy":"category","embeddable":true,"href":"https:\/\/lt15concordia.com.ar\/index.php\/wp-json\/wp\/v2\/categories?post=60936"},{"taxonomy":"post_tag","embeddable":true,"href":"https:\/\/lt15concordia.com.ar\/index.php\/wp-json\/wp\/v2\/tags?post=60936"}],"curies":[{"name":"wp","href":"https:\/\/api.w.org\/{rel}","templated":true}]}}