{"id":60928,"date":"2026-09-03T12:31:56","date_gmt":"2026-09-03T15:31:56","guid":{"rendered":"https:\/\/lt15concordia.com.ar\/?p=60928"},"modified":"2026-09-03T12:32:06","modified_gmt":"2026-09-03T15:32:06","slug":"crimen-del-arquitecto-bassi-en-parana-dos-detenidos-y-el-robo-como-movil","status":"publish","type":"post","link":"https:\/\/lt15concordia.com.ar\/index.php\/2026\/09\/03\/crimen-del-arquitecto-bassi-en-parana-dos-detenidos-y-el-robo-como-movil\/","title":{"rendered":"Crimen del arquitecto Bassi en Paran\u00e1: dos detenidos y el robo como m\u00f3vil"},"content":{"rendered":"<p>Un crimen que sacudi\u00f3 a <strong>Paran\u00e1<\/strong> empieza a tener rostros y, quiz\u00e1s, una explicaci\u00f3n: <strong>dos hombres<\/strong> fueron detenidos en las \u00faltimas horas como principales sospechosos del asesinato del <strong>arquitecto Rodolfo Bassi<\/strong>, y la l\u00ednea de investigaci\u00f3n que cobra m\u00e1s fuerza apunta a un <strong>presunto robo<\/strong> como m\u00f3vil del hecho.<\/p>\n<p>Los arrestados tienen <strong>52 y 48 a\u00f1os<\/strong>. El dato que m\u00e1s llama la atenci\u00f3n de los investigadores es que uno de ellos es <strong>alba\u00f1il y habr\u00eda trabajado para la propia v\u00edctima<\/strong>. Un v\u00ednculo laboral que, de confirmarse su rol en el crimen, convierte este caso en algo especialmente perturbador: el peligro que vino de adentro, de alguien conocido.<\/p>\n<p>La hip\u00f3tesis del robo como disparador del crimen es la que gu\u00eda hoy la pesquisa judicial en <strong>Paran\u00e1<\/strong>. Las autoridades a\u00fan trabajan para establecer con precisi\u00f3n el desarrollo de los hechos y el grado de participaci\u00f3n de cada uno de los detenidos. Por ahora, son dos los que quedaron a disposici\u00f3n de la Justicia entrerriana.<\/p>\n<p>El caso sigue abierto y bajo investigaci\u00f3n. La <strong>Justicia de Entre R\u00edos<\/strong> avanza en determinar responsabilidades y reconstruir la secuencia del crimen que le cost\u00f3 la vida al arquitecto <strong>Bassi<\/strong>.<\/p>\n<p><script type=\"application\/ld+json\">{\"@context\": \"https:\/\/schema.org\", \"@type\": \"NewsArticle\", \"headline\": \"Crimen del arquitecto Bassi en Paran\u00e1: dos detenidos y el robo como m\u00f3vil\", \"description\": \"Dos hombres de 52 y 48 a\u00f1os fueron arrestados por el asesinato del arquitecto Rodolfo Bassi en Paran\u00e1. Uno habr\u00eda trabajado para la v\u00edctima.\", \"datePublished\": \"2026-09-03T12:32:05-03:00\", \"dateModified\": \"2026-09-03T12:32:05-03:00\", \"inLanguage\": \"es-AR\", \"articleSection\": \"seguridad\", \"author\": {\"@type\": \"Organization\", \"name\": \"Redaccion LT15 Concordia\", \"url\": \"https:\/\/lt15concordia.com.ar\"}, \"publisher\": {\"@type\": \"Organization\", \"name\": \"LT15 Concordia\"}, \"mainEntityOfPage\": {\"@type\": \"WebPage\", \"@id\": \"https:\/\/lt15concordia.com.ar\/index.php\/2026\/09\/03\/crimen-del-arquitecto-bassi-en-parana-dos-detenidos-y-el-robo-como-movil\/\"}, \"image\": [\"https:\/\/elonce-media.elonce.com\/fotos\/2026\/09\/03\/m_1788448368_38018.webp\"]}<\/script><\/p>\n","protected":false},"excerpt":{"rendered":"<p>Dos hombres de 52 y 48 a\u00f1os fueron arrestados por el asesinato del arquitecto Rodolfo Bassi en Paran\u00e1. Uno habr\u00eda trabajado para la v\u00edctima.<\/p>\n","protected":false},"author":5,"featured_media":60927,"comment_status":"closed","ping_status":"closed","sticky":false,"template":"","format":"standard","meta":{"footnotes":""},"categories":[33,37],"tags":[4736,63,200,67,2205],"_links":{"self":[{"href":"https:\/\/lt15concordia.com.ar\/index.php\/wp-json\/wp\/v2\/posts\/60928"}],"collection":[{"href":"https:\/\/lt15concordia.com.ar\/index.php\/wp-json\/wp\/v2\/posts"}],"about":[{"href":"https:\/\/lt15concordia.com.ar\/index.php\/wp-json\/wp\/v2\/types\/post"}],"author":[{"embeddable":true,"href":"https:\/\/lt15concordia.com.ar\/index.php\/wp-json\/wp\/v2\/users\/5"}],"replies":[{"embeddable":true,"href":"https:\/\/lt15concordia.com.ar\/index.php\/wp-json\/wp\/v2\/comments?post=60928"}],"version-history":[{"count":2,"href":"https:\/\/lt15concordia.com.ar\/index.php\/wp-json\/wp\/v2\/posts\/60928\/revisions"}],"predecessor-version":[{"id":60930,"href":"https:\/\/lt15concordia.com.ar\/index.php\/wp-json\/wp\/v2\/posts\/60928\/revisions\/60930"}],"wp:featuredmedia":[{"embeddable":true,"href":"https:\/\/lt15concordia.com.ar\/index.php\/wp-json\/wp\/v2\/media\/60927"}],"wp:attachment":[{"href":"https:\/\/lt15concordia.com.ar\/index.php\/wp-json\/wp\/v2\/media?parent=60928"}],"wp:term":[{"taxonomy":"category","embeddable":true,"href":"https:\/\/lt15concordia.com.ar\/index.php\/wp-json\/wp\/v2\/categories?post=60928"},{"taxonomy":"post_tag","embeddable":true,"href":"https:\/\/lt15concordia.com.ar\/index.php\/wp-json\/wp\/v2\/tags?post=60928"}],"curies":[{"name":"wp","href":"https:\/\/api.w.org\/{rel}","templated":true}]}}