{"id":60924,"date":"2026-09-03T12:31:10","date_gmt":"2026-09-03T15:31:10","guid":{"rendered":"https:\/\/lt15concordia.com.ar\/?p=60924"},"modified":"2026-09-03T12:31:20","modified_gmt":"2026-09-03T15:31:20","slug":"la-planta-de-agua-de-concordia-sigue-parada-y-el-pj-cruzo-al-oficialismo-en-el-c","status":"publish","type":"post","link":"https:\/\/lt15concordia.com.ar\/index.php\/2026\/09\/03\/la-planta-de-agua-de-concordia-sigue-parada-y-el-pj-cruzo-al-oficialismo-en-el-c\/","title":{"rendered":"La planta de agua de Concordia sigue parada y el PJ cruz\u00f3 al oficialismo en el Concejo"},"content":{"rendered":"<p>La obra de la nueva planta potabilizadora de <strong>Concordia<\/strong> lleva tres a\u00f1os paralizada y nadie la mueve. Esta ma\u00f1ana, en la sesi\u00f3n del <strong>Concejo Deliberante<\/strong>, el bloque del <strong>Partido Justicialista<\/strong> present\u00f3 un pedido de informes que puso el dedo en la llaga y desat\u00f3 un cruce \u00e1spero entre oficialismo y oposici\u00f3n.<\/p>\n<p>El concejal <strong>Jorge Mendieta<\/strong>, que asumi\u00f3 su banca la semana pasada, fue el primero en tomar la palabra. Record\u00f3 que el gobernador <strong>Rogelio Frigerio<\/strong> visit\u00f3 la ciudad en <strong>septiembre de 2025<\/strong> y prometi\u00f3 que en doce meses la obra estar\u00eda terminada. <strong>&#8220;Hoy estamos en ese plazo, pero la obra ni siquiera se reinici\u00f3&#8221;<\/strong>, dijo. En mayo de este a\u00f1o, el mandatario provincial reprogram\u00f3 el horizonte para <strong>fines de 2026<\/strong>, pero Mendieta tampoco le cree a ese cronograma: <strong>&#8220;Ese compromiso tampoco se va a cumplir&#8221;<\/strong>.<\/p>\n<p>El concejal, que fue interventor del <strong>EDOS<\/strong> (Ente de Obras Sanitarias de Concordia), puso en contexto la magnitud del problema. Cuando en <strong>2015<\/strong> asumi\u00f3 la intendencia <strong>Enrique Cresto<\/strong>, hab\u00eda <strong>40 barrios<\/strong> con problemas de agua potable en verano. Las quemas de gomas y los cortes de calles eran moneda corriente entre diciembre y marzo en los barrios alejados del centro. La gesti\u00f3n de entonces respondi\u00f3 con el acueducto Roca y perforaciones en varios puntos de la ciudad. Pero la nueva planta, que arranc\u00f3 en <strong>2017<\/strong> con plazo de entrega para <strong>2020<\/strong>, nunca lleg\u00f3 a destino. <strong>&#8220;La obra se paraliz\u00f3 en 2023 y no se arranc\u00f3 nunca m\u00e1s&#8221;<\/strong>, subray\u00f3 Mendieta.<\/p>\n<p>El panorama que describi\u00f3 no se limita a la planta. Tambi\u00e9n apunt\u00f3 a la instalaci\u00f3n de cloacas en el <strong>Barrio Golf<\/strong>, las estaciones de bombeo que no funcionan en varios sectores y los <strong>r\u00edos de agua servida a cielo abierto<\/strong> en las calles. Adem\u00e1s, cuestion\u00f3 que no se avanz\u00f3 con la licitaci\u00f3n de la planta de tratamiento de l\u00edquidos cloacales. Una acumulaci\u00f3n de deudas de infraestructura que pesa sobre los vecinos de los barrios m\u00e1s vulnerables.<\/p>\n<p>La respuesta del oficialismo lleg\u00f3 con la concejal <strong>Silvina Ovelar<\/strong> (Juntos por Entre R\u00edos), que no esquiv\u00f3 el golpe pero lo reparti\u00f3 en varias direcciones: <strong>&#8220;Naci\u00f3n no manda, Frigerio hace lo que puede y nosotros no tenemos un peso&#8221;<\/strong>, admiti\u00f3 sin rodeos. Tambi\u00e9n le record\u00f3 a Mendieta que durante la gesti\u00f3n de Cresto en <strong>ENOHSA<\/strong> y su propio paso por el EDOS, la obra tampoco avanz\u00f3. Un punto v\u00e1lido que, sin embargo, no explica por qu\u00e9 una obra ejecutada en un <strong>93 %<\/strong> sigue sin ese \u00faltimo tramo desde hace tres a\u00f1os.<\/p>\n<p>La concejal de <strong>La Libertad Avanza<\/strong>, <strong>Yaiza Pessolani Bechet<\/strong>, centr\u00f3 su intervenci\u00f3n en responsabilizar al exintendente Cresto, pero no dijo una palabra sobre la decisi\u00f3n del gobierno de <strong>Javier Milei<\/strong> de no enviar fondos durante casi tres a\u00f1os para completar una obra que ya tiene financiamiento y est\u00e1 casi terminada. Un silencio que habla por s\u00ed solo.<\/p>\n<p>Mendieta cerr\u00f3 el debate con un dato que incomoda a todos: solo resta un <strong>5 %<\/strong> de la obra para que Concordia tenga una planta potabilizadora a la altura de sus necesidades. Ese porcentaje m\u00ednimo lleva tres a\u00f1os esperando que alguien lo resuelva. Mientras tanto, los vecinos de los barrios que todav\u00eda no tienen agua potable confiable siguen esperando que la pol\u00edtica deje de pelearse por qui\u00e9n tiene la culpa y empiece a ocuparse de terminar lo que comenz\u00f3.<\/p>\n<p><script type=\"application\/ld+json\">{\"@context\": \"https:\/\/schema.org\", \"@type\": \"NewsArticle\", \"headline\": \"La planta de agua de Concordia sigue parada y el PJ cruz\u00f3 al oficialismo en el Concejo\", \"description\": \"El bloque opositor present\u00f3 un pedido de informes y cruz\u00f3 al intendente Azcu\u00e9 por la obra paralizada desde 2023. El oficialismo admiti\u00f3 que no hay fondos.\", \"datePublished\": \"2026-09-03T12:31:20-03:00\", \"dateModified\": \"2026-09-03T12:31:20-03:00\", \"inLanguage\": \"es-AR\", \"articleSection\": \"politica\", \"author\": {\"@type\": \"Organization\", \"name\": \"Redaccion LT15 Concordia\", \"url\": \"https:\/\/lt15concordia.com.ar\"}, \"publisher\": {\"@type\": \"Organization\", \"name\": \"LT15 Concordia\"}, \"mainEntityOfPage\": {\"@type\": \"WebPage\", \"@id\": \"https:\/\/lt15concordia.com.ar\/index.php\/2026\/09\/03\/la-planta-de-agua-de-concordia-sigue-parada-y-el-pj-cruzo-al-oficialismo-en-el-c\/\"}, \"image\": [\"https:\/\/www.diariojunio.com.ar\/wp-content\/uploads\/2026\/09\/PLANTA-DE-AGUA-2.jpg\"]}<\/script><\/p>\n","protected":false},"excerpt":{"rendered":"<p>El bloque opositor present\u00f3 un pedido de informes y cruz\u00f3 al intendente Azcu\u00e9 por la obra paralizada desde 2023. El oficialismo admiti\u00f3 que no hay fondos.<\/p>\n","protected":false},"author":5,"featured_media":60923,"comment_status":"closed","ping_status":"closed","sticky":false,"template":"","format":"standard","meta":{"footnotes":""},"categories":[30],"tags":[720,248,41,3144,1625,4735],"_links":{"self":[{"href":"https:\/\/lt15concordia.com.ar\/index.php\/wp-json\/wp\/v2\/posts\/60924"}],"collection":[{"href":"https:\/\/lt15concordia.com.ar\/index.php\/wp-json\/wp\/v2\/posts"}],"about":[{"href":"https:\/\/lt15concordia.com.ar\/index.php\/wp-json\/wp\/v2\/types\/post"}],"author":[{"embeddable":true,"href":"https:\/\/lt15concordia.com.ar\/index.php\/wp-json\/wp\/v2\/users\/5"}],"replies":[{"embeddable":true,"href":"https:\/\/lt15concordia.com.ar\/index.php\/wp-json\/wp\/v2\/comments?post=60924"}],"version-history":[{"count":2,"href":"https:\/\/lt15concordia.com.ar\/index.php\/wp-json\/wp\/v2\/posts\/60924\/revisions"}],"predecessor-version":[{"id":60926,"href":"https:\/\/lt15concordia.com.ar\/index.php\/wp-json\/wp\/v2\/posts\/60924\/revisions\/60926"}],"wp:featuredmedia":[{"embeddable":true,"href":"https:\/\/lt15concordia.com.ar\/index.php\/wp-json\/wp\/v2\/media\/60923"}],"wp:attachment":[{"href":"https:\/\/lt15concordia.com.ar\/index.php\/wp-json\/wp\/v2\/media?parent=60924"}],"wp:term":[{"taxonomy":"category","embeddable":true,"href":"https:\/\/lt15concordia.com.ar\/index.php\/wp-json\/wp\/v2\/categories?post=60924"},{"taxonomy":"post_tag","embeddable":true,"href":"https:\/\/lt15concordia.com.ar\/index.php\/wp-json\/wp\/v2\/tags?post=60924"}],"curies":[{"name":"wp","href":"https:\/\/api.w.org\/{rel}","templated":true}]}}