{"id":60916,"date":"2026-09-03T10:32:01","date_gmt":"2026-09-03T13:32:01","guid":{"rendered":"https:\/\/lt15concordia.com.ar\/?p=60916"},"modified":"2026-09-03T10:32:12","modified_gmt":"2026-09-03T13:32:12","slug":"40-anos-cotizados-y-pension-recortada-jubilados-llevan-firmas-al-congreso-de-esp","status":"publish","type":"post","link":"https:\/\/lt15concordia.com.ar\/index.php\/2026\/09\/03\/40-anos-cotizados-y-pension-recortada-jubilados-llevan-firmas-al-congreso-de-esp\/","title":{"rendered":"40 a\u00f1os cotizados y pensi\u00f3n recortada: jubilados llevan firmas al Congreso de Espa\u00f1a"},"content":{"rendered":"<p>Trabajaron toda la vida, algunos desde los <strong>14 a\u00f1os<\/strong>, y cuando lleg\u00f3 el momento de retirarse el sistema los castig\u00f3. No por no haber cumplido: por haberse ido unos meses o a\u00f1os antes de la edad legal. Eso es lo que une a <strong>Manuel Guarino, Antonio Matinero, Nieves Fern\u00e1ndez y Jos\u00e9 Lobo<\/strong>, cuatro jubilados espa\u00f1oles que este jueves llevaron al <strong>Congreso de Espa\u00f1a<\/strong> m\u00e1s de <strong>175.000 firmas<\/strong> para exigir el fin de las penalizaciones perpetuas en las pensiones anticipadas.<\/p>\n<p>El reclamo apunta a los llamados <strong>coeficientes reductores<\/strong>, un mecanismo que recorta de forma permanente la pensi\u00f3n de quienes se jubilan antes de la edad ordinaria, aunque hayan cotizado durante cuatro d\u00e9cadas o m\u00e1s. Para los impulsores de la campa\u00f1a, la l\u00f3gica es simple: si ya aportaste al sistema mucho m\u00e1s de lo que exige el m\u00ednimo, \u00bfpor qu\u00e9 seguir pagando el castigo de por vida?<\/p>\n<p>Los casos son distintos pero el resultado es el mismo. <strong>Manuel Guarino<\/strong>, enfermero de la sanidad p\u00fablica con <strong>43 a\u00f1os cotizados<\/strong>, se jubil\u00f3 apenas seis meses antes de la edad legal y eso le cost\u00f3 <strong>50 euros menos por mes para siempre<\/strong>. <strong>Nieves Fern\u00e1ndez<\/strong> acumul\u00f3 <strong>46 a\u00f1os y dos meses<\/strong> de aportes sin cobrar un solo d\u00eda de desempleo, pero el desgaste f\u00edsico la oblig\u00f3 a retirarse a los 63 y su pensi\u00f3n qued\u00f3 igualmente recortada. <strong>Jos\u00e9 Lobo<\/strong> empez\u00f3 a trabajar a los 14 a\u00f1os, cotiz\u00f3 <strong>45 a\u00f1os y medio<\/strong>, fue expulsado del mercado laboral con un contrato temporal a los 61 y hoy carga con una reducci\u00f3n del <strong>24% en su pensi\u00f3n<\/strong>. <strong>Antonio Matinero<\/strong>, delineante, no eligi\u00f3 jubilarse antes: el cierre de su estudio y la imposibilidad de conseguir empleo lo empujaron al retiro anticipado tras <strong>45 a\u00f1os de aportes<\/strong>.<\/p>\n<p>El trasfondo pol\u00edtico no es menor. En <strong>junio pasado<\/strong>, el <strong>PP y el PSOE<\/strong> rechazaron en el Congreso espa\u00f1ol una reforma impulsada por <strong>Podemos<\/strong> que buscaba eliminar exactamente estas penalizaciones para quienes superaran los 40 a\u00f1os cotizados. La medida cont\u00f3 con apoyo de <strong>Sumar, Junts, UPN y Coalici\u00f3n Canaria<\/strong>, mientras que <strong>Vox se abstuvo<\/strong>. El Gobierno estim\u00f3 que la reforma tendr\u00eda un costo anual de <strong>3.358 millones de euros<\/strong>. Ese fue el argumento del rechazo.<\/p>\n<p>La secretaria general de <strong>Podemos, Ione Belarra<\/strong>, fue directa tras la votaci\u00f3n: <em>&#8220;El bipartidismo contra los jubilados, otra vez, como en 2011, como siempre. Armas s\u00ed, pensiones no&#8221;<\/em>, escribi\u00f3 en sus redes. La frase, m\u00e1s all\u00e1 de la carga pol\u00edtica, resume la bronca de miles de trabajadores con largas carreras que hoy cobran menos de lo que les corresponder\u00eda.<\/p>\n<p>Con la entrega de firmas de este jueves, los cuatro jubilados buscan que los grupos parlamentarios retomen la discusi\u00f3n y avancen en una reforma que, seg\u00fan los impulsores, no es un privilegio sino una cuesti\u00f3n de justicia b\u00e1sica: que cuatro d\u00e9cadas de trabajo no terminen siendo castigadas de por vida por unos meses de diferencia en la fecha de retiro.<\/p>\n<p><script type=\"application\/ld+json\">{\"@context\": \"https:\/\/schema.org\", \"@type\": \"NewsArticle\", \"headline\": \"40 a\u00f1os cotizados y pensi\u00f3n recortada: jubilados llevan firmas al Congreso de Espa\u00f1a\", \"description\": \"Cuatro jubilados espa\u00f1oles con entre 43 y 46 a\u00f1os cotizados presentaron m\u00e1s de 175.000 firmas en el Congreso para eliminar las penalizaciones en jubilaciones anticipadas.\", \"datePublished\": \"2026-09-03T10:32:11-03:00\", \"dateModified\": \"2026-09-03T10:32:11-03:00\", \"inLanguage\": \"es-AR\", \"articleSection\": \"sociedad\", \"author\": {\"@type\": \"Organization\", \"name\": \"Redaccion LT15 Concordia\", \"url\": \"https:\/\/lt15concordia.com.ar\"}, \"publisher\": {\"@type\": \"Organization\", \"name\": \"LT15 Concordia\"}, \"mainEntityOfPage\": {\"@type\": \"WebPage\", \"@id\": \"https:\/\/lt15concordia.com.ar\/index.php\/2026\/09\/03\/40-anos-cotizados-y-pension-recortada-jubilados-llevan-firmas-al-congreso-de-esp\/\"}, \"image\": [\"https:\/\/www.infobae.com\/resizer\/v2\/SF4BKSA4RFGLBLDUFAWOEHCDFY.jpg?auth=90d565cde4cbd11cb641cda1b5ea85941ce79101449a8f27183efbe2071b7c4e&smart=true&width=2645&height=1488\"]}<\/script><\/p>\n","protected":false},"excerpt":{"rendered":"<p>Cuatro jubilados espa\u00f1oles con entre 43 y 46 a\u00f1os cotizados presentaron m\u00e1s de 175.000 firmas en el Congreso para eliminar las penalizaciones en jubilaciones anticipadas.<\/p>\n","protected":false},"author":5,"featured_media":60915,"comment_status":"closed","ping_status":"closed","sticky":false,"template":"","format":"standard","meta":{"footnotes":""},"categories":[89],"tags":[4732,545,1195,4731],"_links":{"self":[{"href":"https:\/\/lt15concordia.com.ar\/index.php\/wp-json\/wp\/v2\/posts\/60916"}],"collection":[{"href":"https:\/\/lt15concordia.com.ar\/index.php\/wp-json\/wp\/v2\/posts"}],"about":[{"href":"https:\/\/lt15concordia.com.ar\/index.php\/wp-json\/wp\/v2\/types\/post"}],"author":[{"embeddable":true,"href":"https:\/\/lt15concordia.com.ar\/index.php\/wp-json\/wp\/v2\/users\/5"}],"replies":[{"embeddable":true,"href":"https:\/\/lt15concordia.com.ar\/index.php\/wp-json\/wp\/v2\/comments?post=60916"}],"version-history":[{"count":2,"href":"https:\/\/lt15concordia.com.ar\/index.php\/wp-json\/wp\/v2\/posts\/60916\/revisions"}],"predecessor-version":[{"id":60918,"href":"https:\/\/lt15concordia.com.ar\/index.php\/wp-json\/wp\/v2\/posts\/60916\/revisions\/60918"}],"wp:featuredmedia":[{"embeddable":true,"href":"https:\/\/lt15concordia.com.ar\/index.php\/wp-json\/wp\/v2\/media\/60915"}],"wp:attachment":[{"href":"https:\/\/lt15concordia.com.ar\/index.php\/wp-json\/wp\/v2\/media?parent=60916"}],"wp:term":[{"taxonomy":"category","embeddable":true,"href":"https:\/\/lt15concordia.com.ar\/index.php\/wp-json\/wp\/v2\/categories?post=60916"},{"taxonomy":"post_tag","embeddable":true,"href":"https:\/\/lt15concordia.com.ar\/index.php\/wp-json\/wp\/v2\/tags?post=60916"}],"curies":[{"name":"wp","href":"https:\/\/api.w.org\/{rel}","templated":true}]}}