{"id":60912,"date":"2026-09-03T10:30:57","date_gmt":"2026-09-03T13:30:57","guid":{"rendered":"https:\/\/lt15concordia.com.ar\/?p=60912"},"modified":"2026-09-03T10:31:08","modified_gmt":"2026-09-03T13:31:08","slug":"uruguay-relocalizara-la-planta-de-hidrogeno-verde-victoria-para-colon-y-entre-ri","status":"publish","type":"post","link":"https:\/\/lt15concordia.com.ar\/index.php\/2026\/09\/03\/uruguay-relocalizara-la-planta-de-hidrogeno-verde-victoria-para-colon-y-entre-ri\/","title":{"rendered":"Uruguay relocalizar\u00e1 la planta de hidr\u00f3geno verde: victoria para Col\u00f3n y Entre R\u00edos"},"content":{"rendered":"<p>El reclamo lleg\u00f3, fue escuchado y tuvo respuesta. <strong>Uruguay confirm\u00f3 que relocalizar\u00e1 la planta de hidr\u00f3geno verde<\/strong> que la empresa <strong>HIF Global<\/strong> proyectaba construir en las inmediaciones de <strong>Paysand\u00fa<\/strong>, a apenas tres kil\u00f3metros de la costa de <strong>Col\u00f3n<\/strong>, uno de los destinos tur\u00edsticos m\u00e1s importantes de Entre R\u00edos.<\/p>\n<p>La definici\u00f3n la dio el <strong>canciller uruguayo Mario Lubetkin<\/strong> a su par argentino, <strong>Pablo Quirno<\/strong>, durante un encuentro celebrado este mi\u00e9rcoles en <strong>Montevideo<\/strong>. La frase fue contundente: <strong>&#8220;El presidente de la Rep\u00fablica nos dio instrucciones precisas para relocalizar esa planta&#8221;<\/strong>. No hubo margen para la ambig\u00fcedad.<\/p>\n<p>El proyecto en cuesti\u00f3n no es menor: <strong>HIF Global<\/strong> planea una inversi\u00f3n estimada en <strong>5.385 millones de d\u00f3lares<\/strong> para producir hasta <strong>876.000 toneladas anuales de metanol<\/strong> elaborado a partir de hidr\u00f3geno verde. Una apuesta industrial de escala regional que nadie en Entre R\u00edos cuestion\u00f3 en su esencia. El problema nunca fue la inversi\u00f3n ni el empleo que genera del lado uruguayo del r\u00edo. El problema era d\u00f3nde.<\/p>\n<p>El <strong>gobernador Rogelio Frigerio<\/strong> lo hab\u00eda dicho con claridad en distintas instancias: <strong>&#8220;Se puede compatibilizar la industria con el turismo, siempre que se haga de manera ordenada y planificada y no se instalen industrias frente a las playas m\u00e1s concurridas de nuestra provincia&#8221;<\/strong>. Esa posici\u00f3n, sostenida tambi\u00e9n por las autoridades de <strong>Col\u00f3n<\/strong> y canalizada a trav\u00e9s de la <strong>Canciller\u00eda argentina<\/strong>, termin\u00f3 siendo determinante.<\/p>\n<p>La ubicaci\u00f3n original contemplaba el emplazamiento a unos <strong>15 kil\u00f3metros de Paysand\u00fa<\/strong> y a tres kil\u00f3metros de la costa entrerriana. Un complejo industrial de semejante magnitud frente a las playas m\u00e1s visitadas de la provincia no era solo un problema est\u00e9tico: era una amenaza directa al modelo econ\u00f3mico de toda esa franja costera, donde el turismo mueve miles de puestos de trabajo cada temporada.<\/p>\n<p>Aunque todav\u00eda no se anunci\u00f3 oficialmente el nuevo emplazamiento, las autoridades uruguayas eval\u00faan instalar el complejo en un predio de la petrolera estatal <strong>Ancap<\/strong>, dentro de una zona industrial de <strong>Paysand\u00fa<\/strong>, alejado del punto inicialmente proyectado. Una soluci\u00f3n que, si se confirma, permitir\u00eda que la inversi\u00f3n avance sin comprometer el paisaje, el ambiente ni la actividad tur\u00edstica de la costa entrerriana.<\/p>\n<p>El resultado muestra que la diplomacia regional puede funcionar cuando hay voluntad pol\u00edtica de ambos lados del r\u00edo. Entre R\u00edos plante\u00f3 su posici\u00f3n sin confrontaci\u00f3n, Uruguay la recibi\u00f3 y el presidente uruguayo dio la instrucci\u00f3n. El paso que sigue es la definici\u00f3n oficial del nuevo sitio, que todav\u00eda est\u00e1 pendiente.<\/p>\n<p><script type=\"application\/ld+json\">{\"@context\": \"https:\/\/schema.org\", \"@type\": \"NewsArticle\", \"headline\": \"Uruguay relocalizar\u00e1 la planta de hidr\u00f3geno verde: victoria para Col\u00f3n y Entre R\u00edos\", \"description\": \"El canciller uruguayo confirm\u00f3 que el presidente dio instrucciones de reubicar la planta de HIF Global, que iba a instalarse a 3 km de la costa de Col\u00f3n.\", \"datePublished\": \"2026-09-03T10:31:08-03:00\", \"dateModified\": \"2026-09-03T10:31:08-03:00\", \"inLanguage\": \"es-AR\", \"articleSection\": \"politica\", \"author\": {\"@type\": \"Organization\", \"name\": \"Redaccion LT15 Concordia\", \"url\": \"https:\/\/lt15concordia.com.ar\"}, \"publisher\": {\"@type\": \"Organization\", \"name\": \"LT15 Concordia\"}, \"mainEntityOfPage\": {\"@type\": \"WebPage\", \"@id\": \"https:\/\/lt15concordia.com.ar\/index.php\/2026\/09\/03\/uruguay-relocalizara-la-planta-de-hidrogeno-verde-victoria-para-colon-y-entre-ri\/\"}, \"image\": [\"https:\/\/www.diariojunio.com.ar\/wp-content\/uploads\/2026\/09\/mario-lubetkin.jpg\"]}<\/script><\/p>\n","protected":false},"excerpt":{"rendered":"<p>El canciller uruguayo confirm\u00f3 que el presidente dio instrucciones de reubicar la planta de HIF Global, que iba a instalarse a 3 km de la costa de Col\u00f3n.<\/p>\n","protected":false},"author":5,"featured_media":60911,"comment_status":"closed","ping_status":"closed","sticky":false,"template":"","format":"standard","meta":{"footnotes":""},"categories":[37],"tags":[270,63,837,4697,4571,124],"_links":{"self":[{"href":"https:\/\/lt15concordia.com.ar\/index.php\/wp-json\/wp\/v2\/posts\/60912"}],"collection":[{"href":"https:\/\/lt15concordia.com.ar\/index.php\/wp-json\/wp\/v2\/posts"}],"about":[{"href":"https:\/\/lt15concordia.com.ar\/index.php\/wp-json\/wp\/v2\/types\/post"}],"author":[{"embeddable":true,"href":"https:\/\/lt15concordia.com.ar\/index.php\/wp-json\/wp\/v2\/users\/5"}],"replies":[{"embeddable":true,"href":"https:\/\/lt15concordia.com.ar\/index.php\/wp-json\/wp\/v2\/comments?post=60912"}],"version-history":[{"count":2,"href":"https:\/\/lt15concordia.com.ar\/index.php\/wp-json\/wp\/v2\/posts\/60912\/revisions"}],"predecessor-version":[{"id":60914,"href":"https:\/\/lt15concordia.com.ar\/index.php\/wp-json\/wp\/v2\/posts\/60912\/revisions\/60914"}],"wp:featuredmedia":[{"embeddable":true,"href":"https:\/\/lt15concordia.com.ar\/index.php\/wp-json\/wp\/v2\/media\/60911"}],"wp:attachment":[{"href":"https:\/\/lt15concordia.com.ar\/index.php\/wp-json\/wp\/v2\/media?parent=60912"}],"wp:term":[{"taxonomy":"category","embeddable":true,"href":"https:\/\/lt15concordia.com.ar\/index.php\/wp-json\/wp\/v2\/categories?post=60912"},{"taxonomy":"post_tag","embeddable":true,"href":"https:\/\/lt15concordia.com.ar\/index.php\/wp-json\/wp\/v2\/tags?post=60912"}],"curies":[{"name":"wp","href":"https:\/\/api.w.org\/{rel}","templated":true}]}}