{"id":60904,"date":"2026-09-03T09:31:04","date_gmt":"2026-09-03T12:31:04","guid":{"rendered":"https:\/\/lt15concordia.com.ar\/?p=60904"},"modified":"2026-09-03T09:31:16","modified_gmt":"2026-09-03T12:31:16","slug":"uruguay-relocalizara-la-planta-de-hidrogeno-verde-que-amenazaba-las-playas-de-co","status":"publish","type":"post","link":"https:\/\/lt15concordia.com.ar\/index.php\/2026\/09\/03\/uruguay-relocalizara-la-planta-de-hidrogeno-verde-que-amenazaba-las-playas-de-co\/","title":{"rendered":"Uruguay relocalizar\u00e1 la planta de hidr\u00f3geno verde que amenazaba las playas de Col\u00f3n"},"content":{"rendered":"<p>Una inversi\u00f3n millonaria, una disputa diplom\u00e1tica y un destino tur\u00edstico en juego. <strong>Uruguay confirm\u00f3 oficialmente<\/strong> que relocalizar\u00e1 la planta de hidr\u00f3geno verde que la empresa <strong>HIF Global<\/strong> proyectaba construir en <strong>Paysand\u00fa<\/strong>, a apenas tres kil\u00f3metros de la costa de <strong>Col\u00f3n<\/strong>, uno de los principales destinos tur\u00edsticos de Entre R\u00edos.<\/p>\n<p>La noticia la dio el propio <strong>canciller uruguayo Mario Lubetkin<\/strong>, quien se reuni\u00f3 este mi\u00e9rcoles en <strong>Montevideo<\/strong> con su par argentino, <strong>Pablo Quirno<\/strong>. La frase fue contundente: <strong>&#8220;El presidente de la Rep\u00fablica nos dio instrucciones precisas para relocalizar esa planta&#8221;<\/strong>. No hubo ambig\u00fcedad ni margen para la interpretaci\u00f3n.<\/p>\n<p>La decisi\u00f3n llega despu\u00e9s de meses de gestiones por parte del <strong>Gobierno de Entre R\u00edos<\/strong> y las autoridades de <strong>Col\u00f3n<\/strong>, que plantearon formalmente sus objeciones ante la <strong>Canciller\u00eda argentina<\/strong>. El reclamo no era contra la inversi\u00f3n ni contra la generaci\u00f3n de empleo en Uruguay, sino contra el emplazamiento elegido: un punto a <strong>15 kil\u00f3metros de Paysand\u00fa<\/strong> y a tres kil\u00f3metros de las playas entrerrianas, donde un complejo industrial de semejante escala hubiera generado un impacto visual y ambiental dif\u00edcil de revertir.<\/p>\n<p>El gobernador <strong>Rogelio Frigerio<\/strong> lo hab\u00eda dicho con claridad en su momento: <strong>&#8220;Se puede compatibilizar la industria con el turismo, siempre que se haga de manera ordenada y planificada y no se instalen industrias frente a las playas m\u00e1s concurridas de nuestra provincia&#8221;<\/strong>. La postura fue sostenida en distintas instancias y, finalmente, tuvo eco en Montevideo.<\/p>\n<p>El proyecto de <strong>HIF Global<\/strong> no es menor: implica una inversi\u00f3n estimada en <strong>5.385 millones de d\u00f3lares<\/strong> y la producci\u00f3n de hasta <strong>876.000 toneladas anuales de metanol<\/strong> elaborado a partir de hidr\u00f3geno verde. Una apuesta de envergadura global que, en su emplazamiento original, chocaba de frente con el paisaje y la econom\u00eda tur\u00edstica de la costa entrerriana.<\/p>\n<p>Todav\u00eda no se anunci\u00f3 oficialmente el nuevo emplazamiento, pero las autoridades uruguayas eval\u00faan instalar el complejo en un predio de la petrolera estatal <strong>Ancap<\/strong>, dentro de una zona industrial de <strong>Paysand\u00fa<\/strong>, alejado del punto inicialmente proyectado. La soluci\u00f3n, si se concreta en esos t\u00e9rminos, permitir\u00eda que Uruguay avance con una inversi\u00f3n estrat\u00e9gica sin sacrificar el patrimonio tur\u00edstico y ambiental de la orilla argentina del r\u00edo Uruguay.<\/p>\n<p>La confirmaci\u00f3n de la relocalizaci\u00f3n cierra una etapa de tensi\u00f3n diplom\u00e1tica y abre otra: la del seguimiento concreto de d\u00f3nde y c\u00f3mo se instala finalmente el complejo, para que el acuerdo de palabra se traduzca en una decisi\u00f3n que respete tanto el desarrollo industrial como el ambiente y las comunidades costeras entrerrianas.<\/p>\n<p><script type=\"application\/ld+json\">{\"@context\": \"https:\/\/schema.org\", \"@type\": \"NewsArticle\", \"headline\": \"Uruguay relocalizar\u00e1 la planta de hidr\u00f3geno verde que amenazaba las playas de Col\u00f3n\", \"description\": \"El canciller uruguayo confirm\u00f3 que el complejo industrial de HIF Global, valuado en US$5.385 millones, no se construir\u00e1 frente a la costa entrerriana.\", \"datePublished\": \"2026-09-03T09:31:15-03:00\", \"dateModified\": \"2026-09-03T09:31:15-03:00\", \"inLanguage\": \"es-AR\", \"articleSection\": \"politica\", \"author\": {\"@type\": \"Organization\", \"name\": \"Redaccion LT15 Concordia\", \"url\": \"https:\/\/lt15concordia.com.ar\"}, \"publisher\": {\"@type\": \"Organization\", \"name\": \"LT15 Concordia\"}, \"mainEntityOfPage\": {\"@type\": \"WebPage\", \"@id\": \"https:\/\/lt15concordia.com.ar\/index.php\/2026\/09\/03\/uruguay-relocalizara-la-planta-de-hidrogeno-verde-que-amenazaba-las-playas-de-co\/\"}, \"image\": [\"https:\/\/dosflorines.com.ar\/wp-content\/uploads\/2026\/03\/localizacion-hif-uruguay.webp\"]}<\/script><\/p>\n","protected":false},"excerpt":{"rendered":"<p>El canciller uruguayo confirm\u00f3 que el complejo industrial de HIF Global, valuado en US$5.385 millones, no se construir\u00e1 frente a la costa entrerriana.<\/p>\n","protected":false},"author":5,"featured_media":60903,"comment_status":"closed","ping_status":"closed","sticky":false,"template":"","format":"standard","meta":{"footnotes":""},"categories":[37],"tags":[270,63,837,4697,4571,124],"_links":{"self":[{"href":"https:\/\/lt15concordia.com.ar\/index.php\/wp-json\/wp\/v2\/posts\/60904"}],"collection":[{"href":"https:\/\/lt15concordia.com.ar\/index.php\/wp-json\/wp\/v2\/posts"}],"about":[{"href":"https:\/\/lt15concordia.com.ar\/index.php\/wp-json\/wp\/v2\/types\/post"}],"author":[{"embeddable":true,"href":"https:\/\/lt15concordia.com.ar\/index.php\/wp-json\/wp\/v2\/users\/5"}],"replies":[{"embeddable":true,"href":"https:\/\/lt15concordia.com.ar\/index.php\/wp-json\/wp\/v2\/comments?post=60904"}],"version-history":[{"count":2,"href":"https:\/\/lt15concordia.com.ar\/index.php\/wp-json\/wp\/v2\/posts\/60904\/revisions"}],"predecessor-version":[{"id":60906,"href":"https:\/\/lt15concordia.com.ar\/index.php\/wp-json\/wp\/v2\/posts\/60904\/revisions\/60906"}],"wp:featuredmedia":[{"embeddable":true,"href":"https:\/\/lt15concordia.com.ar\/index.php\/wp-json\/wp\/v2\/media\/60903"}],"wp:attachment":[{"href":"https:\/\/lt15concordia.com.ar\/index.php\/wp-json\/wp\/v2\/media?parent=60904"}],"wp:term":[{"taxonomy":"category","embeddable":true,"href":"https:\/\/lt15concordia.com.ar\/index.php\/wp-json\/wp\/v2\/categories?post=60904"},{"taxonomy":"post_tag","embeddable":true,"href":"https:\/\/lt15concordia.com.ar\/index.php\/wp-json\/wp\/v2\/tags?post=60904"}],"curies":[{"name":"wp","href":"https:\/\/api.w.org\/{rel}","templated":true}]}}