{"id":60892,"date":"2026-09-03T07:33:46","date_gmt":"2026-09-03T10:33:46","guid":{"rendered":"https:\/\/lt15concordia.com.ar\/?p=60892"},"modified":"2026-09-03T07:33:57","modified_gmt":"2026-09-03T10:33:57","slug":"el-transporte-de-cargas-subio-166-en-agosto-y-acumula-27-en-el-ano","status":"publish","type":"post","link":"https:\/\/lt15concordia.com.ar\/index.php\/2026\/09\/03\/el-transporte-de-cargas-subio-166-en-agosto-y-acumula-27-en-el-ano\/","title":{"rendered":"El transporte de cargas subi\u00f3 1,66% en agosto y acumula 27% en el a\u00f1o"},"content":{"rendered":"<p>El menor aumento del a\u00f1o, pero la acumulaci\u00f3n no para. El <strong>\u00cdndice de Costos del Transporte (ICT)<\/strong>, que elabora la <strong>Federaci\u00f3n Argentina de Entidades Empresarias del Autotransporte de Cargas (FADEEAC)<\/strong>, registr\u00f3 en agosto un incremento del <strong>1,66%<\/strong>, el m\u00e1s bajo desde que arranc\u00f3 2026. La desaceleraci\u00f3n es real, pero el contexto no da para festejar: en ocho meses el \u00edndice acumula una suba del <strong>27%<\/strong>, y en los \u00faltimos doce meses trepa al <strong>42%<\/strong>.<\/p>\n<p>El freno de agosto tiene nombre propio: el mecanismo de <strong>&#8220;buffer&#8221;<\/strong>, ese esquema que congela el precio de referencia de los combustibles en el mercado local y que viene siendo prorrogado por decreto. Gracias a eso, el rubro <strong>Combustible<\/strong> \u2014el principal costo del sector\u2014 apenas subi\u00f3 <strong>0,48%<\/strong> en el mes, muy lejos del <strong>+24,7%<\/strong> que hab\u00eda pegado en <strong>marzo<\/strong> y que fue el gran responsable del salto del <strong>10,15%<\/strong> en ese mes. El precio internacional del crudo <strong>Brent<\/strong> se movi\u00f3 entre <strong>USD 85 y USD 90<\/strong> durante la \u00faltima semana de agosto, con una tendencia alcista que, por ahora, el buffer amortigua. La pregunta que flota en el sector es cu\u00e1nto tiempo m\u00e1s puede sostenerse esa postergaci\u00f3n.<\/p>\n<p>Mientras el combustible fren\u00f3, otros rubros no tuvieron tanta consideraci\u00f3n. El mayor aumento del mes lo marcaron los <strong>Lubricantes<\/strong>, con una suba del <strong>5%<\/strong>, seguidos por <strong>Gastos Generales<\/strong>, que avanzaron <strong>4,15%<\/strong> por ajustes en precios mayoristas de servicios. El <strong>Costo Financiero<\/strong> subi\u00f3 <strong>2,61%<\/strong> y los <strong>Neum\u00e1ticos<\/strong>, <strong>2,68%<\/strong>. Nada menor para empresas que ya vienen ajustadas.<\/p>\n<p>El <strong>Personal de Conducci\u00f3n<\/strong> aument\u00f3 <strong>1,5%<\/strong>, por la \u00faltima cuota del convenio colectivo de trabajo <strong>40\/89<\/strong>, que estableci\u00f3 actualizaciones mensuales entre marzo y agosto de este a\u00f1o. Ese incremento derram\u00f3 sobre <strong>Reparaciones<\/strong>, que subi\u00f3 <strong>1,32%<\/strong>, en un sector que adem\u00e1s denuncia el <strong>deterioro de la infraestructura vial<\/strong> como un costo silencioso que nadie mide del todo. <strong>Seguros<\/strong> sum\u00f3 <strong>0,85%<\/strong>, <strong>Peajes<\/strong> <strong>0,55%<\/strong> y <strong>Material Rodante<\/strong> <strong>0,37%<\/strong>. Solo <strong>Patentes y tasas<\/strong> no registraron variaci\u00f3n, dado que sus ajustes son anuales.<\/p>\n<p>El ICT es auditado por la <strong>Facultad de Ciencias Econ\u00f3micas de la UBA<\/strong> y mide <strong>11 rubros<\/strong> que impactan directamente en los costos del autotransporte de cargas en todo el pa\u00eds. Sus valores son referencia para la fijaci\u00f3n y actualizaci\u00f3n de tarifas del sector. Con el buffer extendido hasta <strong>septiembre de 2026<\/strong> por el <strong>Decreto 829\/26<\/strong>, el pr\u00f3ximo mes ser\u00e1 clave para ver si la desaceleraci\u00f3n se sostiene o si el \u00edndice vuelve a escalar cuando los impuestos espec\u00edficos a los combustibles terminen de aplicarse en su totalidad.<\/p>\n<p><script type=\"application\/ld+json\">{\"@context\": \"https:\/\/schema.org\", \"@type\": \"NewsArticle\", \"headline\": \"El transporte de cargas subi\u00f3 1,66% en agosto y acumula 27% en el a\u00f1o\", \"description\": \"El \u00cdndice de Costos del Transporte marc\u00f3 en agosto su menor suba del a\u00f1o, con lubricantes y gastos generales como los rubros que m\u00e1s empujaron.\", \"datePublished\": \"2026-09-03T07:33:57-03:00\", \"dateModified\": \"2026-09-03T07:33:57-03:00\", \"inLanguage\": \"es-AR\", \"articleSection\": \"economia\", \"author\": {\"@type\": \"Organization\", \"name\": \"Redaccion LT15 Concordia\", \"url\": \"https:\/\/lt15concordia.com.ar\"}, \"publisher\": {\"@type\": \"Organization\", \"name\": \"LT15 Concordia\"}, \"mainEntityOfPage\": {\"@type\": \"WebPage\", \"@id\": \"https:\/\/lt15concordia.com.ar\/index.php\/2026\/09\/03\/el-transporte-de-cargas-subio-166-en-agosto-y-acumula-27-en-el-ano\/\"}, \"image\": [\"https:\/\/dosflorines.com.ar\/wp-content\/uploads\/2025\/04\/camion-transporte-carga.jpg\"]}<\/script><\/p>\n","protected":false},"excerpt":{"rendered":"<p>El \u00cdndice de Costos del Transporte marc\u00f3 en agosto su menor suba del a\u00f1o, con lubricantes y gastos generales como los rubros que m\u00e1s empujaron.<\/p>\n","protected":false},"author":5,"featured_media":60891,"comment_status":"closed","ping_status":"closed","sticky":false,"template":"","format":"standard","meta":{"footnotes":""},"categories":[89],"tags":[285,3697,2386,4723,97,3437],"_links":{"self":[{"href":"https:\/\/lt15concordia.com.ar\/index.php\/wp-json\/wp\/v2\/posts\/60892"}],"collection":[{"href":"https:\/\/lt15concordia.com.ar\/index.php\/wp-json\/wp\/v2\/posts"}],"about":[{"href":"https:\/\/lt15concordia.com.ar\/index.php\/wp-json\/wp\/v2\/types\/post"}],"author":[{"embeddable":true,"href":"https:\/\/lt15concordia.com.ar\/index.php\/wp-json\/wp\/v2\/users\/5"}],"replies":[{"embeddable":true,"href":"https:\/\/lt15concordia.com.ar\/index.php\/wp-json\/wp\/v2\/comments?post=60892"}],"version-history":[{"count":2,"href":"https:\/\/lt15concordia.com.ar\/index.php\/wp-json\/wp\/v2\/posts\/60892\/revisions"}],"predecessor-version":[{"id":60894,"href":"https:\/\/lt15concordia.com.ar\/index.php\/wp-json\/wp\/v2\/posts\/60892\/revisions\/60894"}],"wp:featuredmedia":[{"embeddable":true,"href":"https:\/\/lt15concordia.com.ar\/index.php\/wp-json\/wp\/v2\/media\/60891"}],"wp:attachment":[{"href":"https:\/\/lt15concordia.com.ar\/index.php\/wp-json\/wp\/v2\/media?parent=60892"}],"wp:term":[{"taxonomy":"category","embeddable":true,"href":"https:\/\/lt15concordia.com.ar\/index.php\/wp-json\/wp\/v2\/categories?post=60892"},{"taxonomy":"post_tag","embeddable":true,"href":"https:\/\/lt15concordia.com.ar\/index.php\/wp-json\/wp\/v2\/tags?post=60892"}],"curies":[{"name":"wp","href":"https:\/\/api.w.org\/{rel}","templated":true}]}}