{"id":60888,"date":"2026-09-03T07:32:29","date_gmt":"2026-09-03T10:32:29","guid":{"rendered":"https:\/\/lt15concordia.com.ar\/?p=60888"},"modified":"2026-09-03T07:32:41","modified_gmt":"2026-09-03T10:32:41","slug":"entre-rios-refinancia-el-cargo-mem-para-aliviar-a-la-industria","status":"publish","type":"post","link":"https:\/\/lt15concordia.com.ar\/index.php\/2026\/09\/03\/entre-rios-refinancia-el-cargo-mem-para-aliviar-a-la-industria\/","title":{"rendered":"Entre R\u00edos refinancia el Cargo MEM para aliviar a la industria"},"content":{"rendered":"<p>Producir en <strong>Entre R\u00edos<\/strong> tiene un costo que, en los \u00faltimos meses, se volvi\u00f3 dif\u00edcil de absorber para los industriales. Las subas extraordinarias en el mercado el\u00e9ctrico nacional golpearon fuerte, y el gobierno provincial decidi\u00f3 salir a dar una respuesta concreta.<\/p>\n<p>El gobernador <strong>Rogelio Frigerio<\/strong> anunci\u00f3 este jueves en <strong>Villaguay<\/strong> un paquete de medidas para aliviar el peso del costo energ\u00e9tico sobre el sector productivo. El acto se realiz\u00f3 durante la inauguraci\u00f3n de un <strong>Sal\u00f3n de Usos M\u00faltiples<\/strong> en el parque industrial local, con la presencia del intendente <strong>Adri\u00e1n Fuertes<\/strong> y representantes del sector privado.<\/p>\n<p>El coraz\u00f3n de la medida es la posibilidad de <strong>refinanciar el Cargo MEM<\/strong> abonado en <strong>mayo y junio<\/strong>, y tambi\u00e9n las facturas de <strong>julio y agosto<\/strong>, en cuotas con una <strong>tasa anual del 15 por ciento<\/strong>. El esquema apunta a los grandes usuarios industriales de la provincia y, seg\u00fan Frigerio, surgi\u00f3 del di\u00e1logo directo con ese sector.<\/p>\n<p>\u00abSi despu\u00e9s de tanto tiempo producir sigue siendo solo para unos valientes, todo el esfuerzo de los industriales sirve de poco\u00bb, dijo el gobernador, y fue claro en su diagn\u00f3stico: \u00abNo puede haber nada m\u00e1s importante para quienes tenemos responsabilidades en la gesti\u00f3n p\u00fablica que generar las condiciones para que haya m\u00e1s trabajo en el sector privado\u00bb.<\/p>\n<p>El propio Frigerio fue enf\u00e1tico en que las subas que motivaron la medida tienen origen en <strong>variables del mercado el\u00e9ctrico nacional<\/strong>, ajenas a la gesti\u00f3n entrerriana. Es un detalle que importa: la provincia no controla el precio mayorista de la energ\u00eda, pero s\u00ed puede amortiguar el golpe sobre su industria.<\/p>\n<p>Despu\u00e9s del acto, el gobernador recorri\u00f3 el <strong>parque solar de Molinos Centro S.A.<\/strong>, instalado en el predio industrial de Villaguay. El sistema cuenta con <strong>260 paneles bifaciales de 595 W<\/strong> y un inversor de <strong>150 kW<\/strong>, con una potencia total instalada de <strong>154,7 kWp<\/strong>. La inversi\u00f3n fue de <strong>150 millones de pesos<\/strong>, financiada mediante una l\u00ednea de cr\u00e9dito del <strong>Consejo Federal de Inversiones (CFI)<\/strong>. La energ\u00eda generada cubre aproximadamente el <strong>39 por ciento<\/strong> del consumo total de la planta, y el excedente se inyecta en la red.<\/p>\n<p>Del acto participaron el ministro de Desarrollo Econ\u00f3mico, <strong>Guillermo Bernaudo<\/strong>; el secretario de Industria, <strong>Catriel Tonutti<\/strong>; el senador provincial <strong>Juan Pablo Cosso<\/strong>; la intendenta de Paran\u00e1, <strong>Rosario Romero<\/strong>; y representantes del sector privado y autoridades municipales de la regi\u00f3n. El intendente Fuertes, por su parte, destac\u00f3 el trabajo conjunto entre el municipio y la provincia para concretar obras de infraestructura y acompa\u00f1ar el desarrollo productivo de Villaguay.<\/p>\n<p><script type=\"application\/ld+json\">{\"@context\": \"https:\/\/schema.org\", \"@type\": \"NewsArticle\", \"headline\": \"Entre R\u00edos refinancia el Cargo MEM para aliviar a la industria\", \"description\": \"Frigerio anunci\u00f3 en Villaguay un esquema de refinanciaci\u00f3n del costo energ\u00e9tico industrial con cuotas y tasa del 15% anual.\", \"datePublished\": \"2026-09-03T07:32:40-03:00\", \"dateModified\": \"2026-09-03T07:32:40-03:00\", \"inLanguage\": \"es-AR\", \"articleSection\": \"economia\", \"author\": {\"@type\": \"Organization\", \"name\": \"Redaccion LT15 Concordia\", \"url\": \"https:\/\/lt15concordia.com.ar\"}, \"publisher\": {\"@type\": \"Organization\", \"name\": \"LT15 Concordia\"}, \"mainEntityOfPage\": {\"@type\": \"WebPage\", \"@id\": \"https:\/\/lt15concordia.com.ar\/index.php\/2026\/09\/03\/entre-rios-refinancia-el-cargo-mem-para-aliviar-a-la-industria\/\"}, \"image\": [\"https:\/\/www.diariojunio.com.ar\/wp-content\/uploads\/2026\/09\/industria-2.jpg\"]}<\/script><\/p>\n","protected":false},"excerpt":{"rendered":"<p>Frigerio anunci\u00f3 en Villaguay un esquema de refinanciaci\u00f3n del costo energ\u00e9tico industrial con cuotas y tasa del 15% anual.<\/p>\n","protected":false},"author":5,"featured_media":60887,"comment_status":"closed","ping_status":"closed","sticky":false,"template":"","format":"standard","meta":{"footnotes":""},"categories":[37],"tags":[4722,55,63,837,609,536],"_links":{"self":[{"href":"https:\/\/lt15concordia.com.ar\/index.php\/wp-json\/wp\/v2\/posts\/60888"}],"collection":[{"href":"https:\/\/lt15concordia.com.ar\/index.php\/wp-json\/wp\/v2\/posts"}],"about":[{"href":"https:\/\/lt15concordia.com.ar\/index.php\/wp-json\/wp\/v2\/types\/post"}],"author":[{"embeddable":true,"href":"https:\/\/lt15concordia.com.ar\/index.php\/wp-json\/wp\/v2\/users\/5"}],"replies":[{"embeddable":true,"href":"https:\/\/lt15concordia.com.ar\/index.php\/wp-json\/wp\/v2\/comments?post=60888"}],"version-history":[{"count":2,"href":"https:\/\/lt15concordia.com.ar\/index.php\/wp-json\/wp\/v2\/posts\/60888\/revisions"}],"predecessor-version":[{"id":60890,"href":"https:\/\/lt15concordia.com.ar\/index.php\/wp-json\/wp\/v2\/posts\/60888\/revisions\/60890"}],"wp:featuredmedia":[{"embeddable":true,"href":"https:\/\/lt15concordia.com.ar\/index.php\/wp-json\/wp\/v2\/media\/60887"}],"wp:attachment":[{"href":"https:\/\/lt15concordia.com.ar\/index.php\/wp-json\/wp\/v2\/media?parent=60888"}],"wp:term":[{"taxonomy":"category","embeddable":true,"href":"https:\/\/lt15concordia.com.ar\/index.php\/wp-json\/wp\/v2\/categories?post=60888"},{"taxonomy":"post_tag","embeddable":true,"href":"https:\/\/lt15concordia.com.ar\/index.php\/wp-json\/wp\/v2\/tags?post=60888"}],"curies":[{"name":"wp","href":"https:\/\/api.w.org\/{rel}","templated":true}]}}