{"id":60884,"date":"2026-09-03T06:31:00","date_gmt":"2026-09-03T09:31:00","guid":{"rendered":"https:\/\/lt15concordia.com.ar\/?p=60884"},"modified":"2026-09-03T06:31:11","modified_gmt":"2026-09-03T09:31:11","slug":"frigerio-anuncio-cuotas-para-el-cargo-mem-en-villaguay","status":"publish","type":"post","link":"https:\/\/lt15concordia.com.ar\/index.php\/2026\/09\/03\/frigerio-anuncio-cuotas-para-el-cargo-mem-en-villaguay\/","title":{"rendered":"Frigerio anunci\u00f3 cuotas para el cargo MEM en Villaguay"},"content":{"rendered":"<p>En el <strong>D\u00eda de la Industria<\/strong>, el gobernador de Entre R\u00edos, <strong>Rogelio Frigerio<\/strong>, eligi\u00f3 <strong>Villaguay<\/strong> para dar una se\u00f1al concreta al sector productivo: las industrias afectadas por los incrementos extraordinarios del <strong>Mercado El\u00e9ctrico Mayorista (MEM)<\/strong> van a poder refinanciar ese cargo en cuotas. No es un perd\u00f3n de deuda, pero es ox\u00edgeno real para quienes vienen pagando facturas que se dispararon por variables del mercado nacional que ninguna provincia puede controlar.<\/p>\n<p>El anuncio se hizo durante la inauguraci\u00f3n de un <strong>Sal\u00f3n de Usos M\u00faltiples en el parque industrial de Villaguay<\/strong>, junto al intendente <strong>Adri\u00e1n Fuertes<\/strong> y representantes del sector privado. El esquema contempla refinanciar el <strong>Cargo MEM abonado en mayo y junio<\/strong>, y tambi\u00e9n el correspondiente a <strong>julio y agosto<\/strong>, en cuotas con una <strong>tasa anual del 15 por ciento<\/strong>. Para una industria que viene absorbiendo subas de tarifas mes a mes, la posibilidad de diferir ese costo espec\u00edfico puede ser la diferencia entre sostener la producci\u00f3n o recortar.<\/p>\n<p>Frigerio fue directo al explicar el esp\u00edritu de la medida. <strong>&#8220;Si despu\u00e9s de tanto tiempo producir sigue siendo solo para unos valientes, todo el esfuerzo de los industriales sirve de poco&#8221;<\/strong>, dijo, y remarc\u00f3 que generar condiciones para el empleo privado tiene que ser el norte de cualquier gesti\u00f3n p\u00fablica. La frase tiene peso: reconoce que el costo energ\u00e9tico se convirti\u00f3 en una carga que muchos ya no pueden absorber sin consecuencias.<\/p>\n<p>El gobernador subray\u00f3 que la iniciativa surgi\u00f3 del di\u00e1logo directo con los <strong>grandes usuarios industriales de la provincia<\/strong>, no de un decreto elaborado en un despacho. Esa construcci\u00f3n conjunta, al menos en el discurso, apunta a que la medida tenga llegada real y no quede en letra muerta.<\/p>\n<p>Tras el acto, <strong>Frigerio recorri\u00f3 el parque solar de la empresa Molinos Centro S.A.<\/strong>, instalado en el mismo predio industrial. El sistema cuenta con <strong>260 paneles bifaciales de 595 W<\/strong> y un inversor de <strong>150 kW<\/strong>, con una potencia total instalada de <strong>154,7 kWp<\/strong>. La inversi\u00f3n fue de <strong>150 millones de pesos<\/strong>, financiada a trav\u00e9s del <strong>Consejo Federal de Inversiones (CFI)<\/strong>, y cubre aproximadamente el <strong>39 por ciento del consumo total de la planta<\/strong>. El excedente se inyecta en la red.<\/p>\n<p>Del acto participaron el ministro de Desarrollo Econ\u00f3mico, <strong>Guillermo Bernaudo<\/strong>; el secretario de Industria, <strong>Catriel Tonutti<\/strong>; el senador provincial <strong>Juan Pablo Cosso<\/strong>; la intendenta de Paran\u00e1, <strong>Rosario Romero<\/strong>; y representantes del sector privado y autoridades municipales de la regi\u00f3n. La medida de refinanciaci\u00f3n queda disponible para los grandes usuarios productivos de toda la provincia.<\/p>\n<p><script type=\"application\/ld+json\">{\"@context\": \"https:\/\/schema.org\", \"@type\": \"NewsArticle\", \"headline\": \"Frigerio anunci\u00f3 cuotas para el cargo MEM en Villaguay\", \"description\": \"El gobernador present\u00f3 un esquema de refinanciaci\u00f3n del cargo el\u00e9ctrico mayorista para industrias entrerrianas, con cuotas y tasa del 15% anual.\", \"datePublished\": \"2026-09-03T06:31:10-03:00\", \"dateModified\": \"2026-09-03T06:31:10-03:00\", \"inLanguage\": \"es-AR\", \"articleSection\": \"economia\", \"author\": {\"@type\": \"Organization\", \"name\": \"Redaccion LT15 Concordia\", \"url\": \"https:\/\/lt15concordia.com.ar\"}, \"publisher\": {\"@type\": \"Organization\", \"name\": \"LT15 Concordia\"}, \"mainEntityOfPage\": {\"@type\": \"WebPage\", \"@id\": \"https:\/\/lt15concordia.com.ar\/index.php\/2026\/09\/03\/frigerio-anuncio-cuotas-para-el-cargo-mem-en-villaguay\/\"}, \"image\": [\"https:\/\/dosflorines.com.ar\/wp-content\/uploads\/2026\/09\/villaguay-frigerio-corralero.jpg\"]}<\/script><\/p>\n","protected":false},"excerpt":{"rendered":"<p>El gobernador present\u00f3 un esquema de refinanciaci\u00f3n del cargo el\u00e9ctrico mayorista para industrias entrerrianas, con cuotas y tasa del 15% anual.<\/p>\n","protected":false},"author":5,"featured_media":60883,"comment_status":"closed","ping_status":"closed","sticky":false,"template":"","format":"standard","meta":{"footnotes":""},"categories":[37],"tags":[63,837,609,4721,83,536],"_links":{"self":[{"href":"https:\/\/lt15concordia.com.ar\/index.php\/wp-json\/wp\/v2\/posts\/60884"}],"collection":[{"href":"https:\/\/lt15concordia.com.ar\/index.php\/wp-json\/wp\/v2\/posts"}],"about":[{"href":"https:\/\/lt15concordia.com.ar\/index.php\/wp-json\/wp\/v2\/types\/post"}],"author":[{"embeddable":true,"href":"https:\/\/lt15concordia.com.ar\/index.php\/wp-json\/wp\/v2\/users\/5"}],"replies":[{"embeddable":true,"href":"https:\/\/lt15concordia.com.ar\/index.php\/wp-json\/wp\/v2\/comments?post=60884"}],"version-history":[{"count":2,"href":"https:\/\/lt15concordia.com.ar\/index.php\/wp-json\/wp\/v2\/posts\/60884\/revisions"}],"predecessor-version":[{"id":60886,"href":"https:\/\/lt15concordia.com.ar\/index.php\/wp-json\/wp\/v2\/posts\/60884\/revisions\/60886"}],"wp:featuredmedia":[{"embeddable":true,"href":"https:\/\/lt15concordia.com.ar\/index.php\/wp-json\/wp\/v2\/media\/60883"}],"wp:attachment":[{"href":"https:\/\/lt15concordia.com.ar\/index.php\/wp-json\/wp\/v2\/media?parent=60884"}],"wp:term":[{"taxonomy":"category","embeddable":true,"href":"https:\/\/lt15concordia.com.ar\/index.php\/wp-json\/wp\/v2\/categories?post=60884"},{"taxonomy":"post_tag","embeddable":true,"href":"https:\/\/lt15concordia.com.ar\/index.php\/wp-json\/wp\/v2\/tags?post=60884"}],"curies":[{"name":"wp","href":"https:\/\/api.w.org\/{rel}","templated":true}]}}