{"id":60878,"date":"2026-09-02T22:35:26","date_gmt":"2026-09-03T01:35:26","guid":{"rendered":"https:\/\/lt15concordia.com.ar\/?p=60878"},"modified":"2026-09-02T22:35:36","modified_gmt":"2026-09-03T01:35:36","slug":"condenaron-a-un-exdirector-de-la-afip-por-ocultar-bienes-en-florida","status":"publish","type":"post","link":"https:\/\/lt15concordia.com.ar\/index.php\/2026\/09\/02\/condenaron-a-un-exdirector-de-la-afip-por-ocultar-bienes-en-florida\/","title":{"rendered":"Condenaron a un exdirector de la AFIP por ocultar bienes en Florida"},"content":{"rendered":"<p>Un exfuncionario de la <strong>AFIP<\/strong> con m\u00e1s de tres d\u00e9cadas en el organismo termin\u00f3 condenado por lo que la Justicia federal defini\u00f3 sin vueltas: no fue un olvido, fue una omisi\u00f3n maliciosa y sostenida en el tiempo. El juez federal <strong>Juli\u00e1n Ercolini<\/strong> dict\u00f3 sentencia contra <strong>Pablo Alejandro Brula<\/strong>, exdirector de Personal del organismo recaudador, por haber ocultado parte de su patrimonio en el exterior durante a\u00f1os.<\/p>\n<p>La condena es de <strong>seis meses de prisi\u00f3n en suspenso<\/strong>, m\u00e1s inhabilitaci\u00f3n especial perpetua para ejercer cargos p\u00fablicos, prohibici\u00f3n de salir del pa\u00eds y reglas de conducta por seis meses. La investigaci\u00f3n estuvo a cargo del fiscal <strong>Franco Picardi<\/strong>, de la Fiscal\u00eda Nacional en lo Criminal y Correccional Federal N\u00b0 5.<\/p>\n<p>Lo que Brula no declar\u00f3 no era poca cosa. Seg\u00fan estableci\u00f3 la Justicia, en sus declaraciones juradas patrimoniales omiti\u00f3 la existencia de <strong>B&#038;Q Investments LLC<\/strong>, una sociedad constituida en <strong>2011<\/strong> junto con su esposa en el estado de <strong>Florida, Estados Unidos<\/strong>. A trav\u00e9s de esa firma se compraron dos inmuebles: uno en <strong>Rivera Beach<\/strong> por unos <strong>65.000 d\u00f3lares<\/strong> y otro en <strong>Pompano Beach<\/strong> por unos <strong>90.000 d\u00f3lares<\/strong>. Ambos fueron vendidos, y el dinero obtenido tampoco apareci\u00f3 en ninguna presentaci\u00f3n ante el fisco.<\/p>\n<p>El fiscal Picardi fue m\u00e1s all\u00e1: se\u00f1al\u00f3 que la omisi\u00f3n abarc\u00f3 la sociedad, los inmuebles, los ingresos por alquileres y el producido de las ventas. Adem\u00e1s, la firma nunca fue declarada ante la propia AFIP en los impuestos de <strong>Bienes Personales<\/strong> ni de <strong>Ganancias<\/strong>. Es decir, el hombre a cargo del personal del organismo recaudador no le declaraba al organismo recaudador.<\/p>\n<p>El juez Ercolini no le dio margen a la excusa de la ignorancia. Brula ingres\u00f3 a la AFIP en <strong>1990<\/strong>, es licenciado en Administraci\u00f3n por la <strong>UBA<\/strong> y tiene dos maestr\u00edas: una en Direcci\u00f3n de Recursos Humanos del <strong>CEMA<\/strong> y otra en Administraci\u00f3n y Pol\u00edticas P\u00fablicas de la <strong>Universidad de San Andr\u00e9s<\/strong>. Con ese perfil, sostener que no sab\u00eda que deb\u00eda declarar sus bienes y los de su c\u00f3nyuge no era una defensa viable.<\/p>\n<p>El fallo tambi\u00e9n subray\u00f3 que la omisi\u00f3n no fue un episodio puntual: se repiti\u00f3 en distintas declaraciones juradas y se extendi\u00f3 incluso a presentaciones posteriores a la disoluci\u00f3n de la sociedad. Una conducta sistem\u00e1tica, no un desliz.<\/p>\n<p>Brula fue designado director de Personal de la AFIP el <strong>17 de diciembre de 2015<\/strong>, en los primeros d\u00edas del gobierno de <strong>Mauricio Macri<\/strong>. Continu\u00f3 en funciones durante los a\u00f1os siguientes y, en diciembre de <strong>2019<\/strong>, ya bajo la administraci\u00f3n de <strong>Alberto Fern\u00e1ndez<\/strong>, fue ascendido a subdirector general de Recursos Humanos del organismo. La condena cierra un cap\u00edtulo judicial que atraves\u00f3 dos gestiones y expone una vez m\u00e1s las grietas entre lo que el Estado exige a los ciudadanos y lo que algunos de sus propios funcionarios cumplen.<\/p>\n<p><script type=\"application\/ld+json\">{\"@context\": \"https:\/\/schema.org\", \"@type\": \"NewsArticle\", \"headline\": \"Condenaron a un exdirector de la AFIP por ocultar bienes en Florida\", \"description\": \"El juez Ercolini sentenci\u00f3 a Pablo Brula a seis meses en suspenso e inhabilitaci\u00f3n perpetua para cargos p\u00fablicos por omitir una sociedad y dos inmuebles en EE.UU.\", \"datePublished\": \"2026-09-02T22:35:36-03:00\", \"dateModified\": \"2026-09-02T22:35:36-03:00\", \"inLanguage\": \"es-AR\", \"articleSection\": \"politica\", \"author\": {\"@type\": \"Organization\", \"name\": \"Redaccion LT15 Concordia\", \"url\": \"https:\/\/lt15concordia.com.ar\"}, \"publisher\": {\"@type\": \"Organization\", \"name\": \"LT15 Concordia\"}, \"mainEntityOfPage\": {\"@type\": \"WebPage\", \"@id\": \"https:\/\/lt15concordia.com.ar\/index.php\/2026\/09\/02\/condenaron-a-un-exdirector-de-la-afip-por-ocultar-bienes-en-florida\/\"}, \"image\": [\"https:\/\/www.diariojunio.com.ar\/wp-content\/uploads\/2026\/09\/IMG-20260902-WA0122.jpg\"]}<\/script><\/p>\n","protected":false},"excerpt":{"rendered":"<p>El juez Ercolini sentenci\u00f3 a Pablo Brula a seis meses en suspenso e inhabilitaci\u00f3n perpetua para cargos p\u00fablicos por omitir una sociedad y dos inmuebles en EE.UU.<\/p>\n","protected":false},"author":5,"featured_media":60877,"comment_status":"closed","ping_status":"closed","sticky":false,"template":"","format":"standard","meta":{"footnotes":""},"categories":[89],"tags":[68,4720,1479,1602,4677,337],"_links":{"self":[{"href":"https:\/\/lt15concordia.com.ar\/index.php\/wp-json\/wp\/v2\/posts\/60878"}],"collection":[{"href":"https:\/\/lt15concordia.com.ar\/index.php\/wp-json\/wp\/v2\/posts"}],"about":[{"href":"https:\/\/lt15concordia.com.ar\/index.php\/wp-json\/wp\/v2\/types\/post"}],"author":[{"embeddable":true,"href":"https:\/\/lt15concordia.com.ar\/index.php\/wp-json\/wp\/v2\/users\/5"}],"replies":[{"embeddable":true,"href":"https:\/\/lt15concordia.com.ar\/index.php\/wp-json\/wp\/v2\/comments?post=60878"}],"version-history":[{"count":2,"href":"https:\/\/lt15concordia.com.ar\/index.php\/wp-json\/wp\/v2\/posts\/60878\/revisions"}],"predecessor-version":[{"id":60880,"href":"https:\/\/lt15concordia.com.ar\/index.php\/wp-json\/wp\/v2\/posts\/60878\/revisions\/60880"}],"wp:featuredmedia":[{"embeddable":true,"href":"https:\/\/lt15concordia.com.ar\/index.php\/wp-json\/wp\/v2\/media\/60877"}],"wp:attachment":[{"href":"https:\/\/lt15concordia.com.ar\/index.php\/wp-json\/wp\/v2\/media?parent=60878"}],"wp:term":[{"taxonomy":"category","embeddable":true,"href":"https:\/\/lt15concordia.com.ar\/index.php\/wp-json\/wp\/v2\/categories?post=60878"},{"taxonomy":"post_tag","embeddable":true,"href":"https:\/\/lt15concordia.com.ar\/index.php\/wp-json\/wp\/v2\/tags?post=60878"}],"curies":[{"name":"wp","href":"https:\/\/api.w.org\/{rel}","templated":true}]}}