{"id":60874,"date":"2026-09-02T22:33:41","date_gmt":"2026-09-03T01:33:41","guid":{"rendered":"https:\/\/lt15concordia.com.ar\/?p=60874"},"modified":"2026-09-02T22:33:53","modified_gmt":"2026-09-03T01:33:53","slug":"came-llevo-al-senado-el-sos-de-las-pymes-impuestos-embargos-y-consumo-caido","status":"publish","type":"post","link":"https:\/\/lt15concordia.com.ar\/index.php\/2026\/09\/02\/came-llevo-al-senado-el-sos-de-las-pymes-impuestos-embargos-y-consumo-caido\/","title":{"rendered":"CAME llev\u00f3 al Senado el SOS de las pymes: impuestos, embargos y consumo ca\u00eddo"},"content":{"rendered":"<p>El grito de las pymes lleg\u00f3 al Senado. <strong>Dirigentes empresarios de las 23 provincias y la Ciudad de Buenos Aires<\/strong> se sentaron frente a legisladores nacionales en la sede de la <strong>Confederaci\u00f3n Argentina de la Mediana Empresa (CAME)<\/strong> para poner sobre la mesa una realidad que ya no admite m\u00e1s demoras: el sector est\u00e1 en problemas serios y necesita respuestas concretas.<\/p>\n<p>En el encuentro, los peque\u00f1os y medianos empresarios describieron un cuadro de situaci\u00f3n que combina varios frentes al mismo tiempo: <strong>ca\u00edda del consumo, embargos de ARCA, alta presi\u00f3n impositiva y endeudamiento creciente<\/strong>. A eso le sumaron un reclamo que no es menor: la falta de di\u00e1logo real para encontrar soluciones. No alcanza con reuniones; hace falta voluntad pol\u00edtica de escuchar y actuar.<\/p>\n<p>Los senadores presentes reconocieron la gravedad del panorama. <strong>Eduardo Vischi<\/strong> (Corrientes), <strong>Flavia Roy\u00f3n<\/strong> (Salta), <strong>Mart\u00edn Goerling<\/strong> (Misiones) y <strong>Mariana Juri<\/strong> (Mendoza) coincidieron en la preocupaci\u00f3n por el estado del comercio, la industria, el turismo y las econom\u00edas regionales. Tambi\u00e9n particip\u00f3 la diputada provincial misionera <strong>Anal\u00eda Labandoczka<\/strong>.<\/p>\n<p>El Comit\u00e9 de Presidencia de CAME, encabezado por su presidente <strong>Ricardo Diab<\/strong>, present\u00f3 ante los senadores el mismo paquete de propuestas que ya hab\u00eda elevado a los diputados nacionales. El documento abarca <strong>cuestiones tributarias, laborales, de financiamiento, de embargos y ejecuciones fiscales a pymes<\/strong>, y tambi\u00e9n apunta a lograr mayor transparencia en las operaciones con tarjetas de cr\u00e9dito, un punto que viene generando rispideces desde hace tiempo en el sector.<\/p>\n<p>Ambas partes acordaron avanzar en propuestas concretas. El compromiso existe; ahora el desaf\u00edo es que no quede en una foto y un comunicado, sino que se traduzca en legislaci\u00f3n que realmente llegue a los mostradores, los talleres y los comercios del interior del pa\u00eds.<\/p>\n<p><script type=\"application\/ld+json\">{\"@context\": \"https:\/\/schema.org\", \"@type\": \"NewsArticle\", \"headline\": \"CAME llev\u00f3 al Senado el SOS de las pymes: impuestos, embargos y consumo ca\u00eddo\", \"description\": \"Empresarios de todo el pa\u00eds se reunieron con senadores nacionales para presentar propuestas concretas ante la crisis que atraviesan las peque\u00f1as y medianas empresas.\", \"datePublished\": \"2026-09-02T22:33:51-03:00\", \"dateModified\": \"2026-09-02T22:33:51-03:00\", \"inLanguage\": \"es-AR\", \"articleSection\": \"economia\", \"author\": {\"@type\": \"Organization\", \"name\": \"Redaccion LT15 Concordia\", \"url\": \"https:\/\/lt15concordia.com.ar\"}, \"publisher\": {\"@type\": \"Organization\", \"name\": \"LT15 Concordia\"}, \"mainEntityOfPage\": {\"@type\": \"WebPage\", \"@id\": \"https:\/\/lt15concordia.com.ar\/index.php\/2026\/09\/02\/came-llevo-al-senado-el-sos-de-las-pymes-impuestos-embargos-y-consumo-caido\/\"}, \"image\": [\"https:\/\/dosflorines.com.ar\/wp-content\/uploads\/2026\/09\/came-reunion-senadores.jpg\"]}<\/script><\/p>\n","protected":false},"excerpt":{"rendered":"<p>Empresarios de todo el pa\u00eds se reunieron con senadores nacionales para presentar propuestas concretas ante la crisis que atraviesan las peque\u00f1as y medianas empresas.<\/p>\n","protected":false},"author":5,"featured_media":60873,"comment_status":"closed","ping_status":"closed","sticky":false,"template":"","format":"standard","meta":{"footnotes":""},"categories":[89],"tags":[616,630,2386,4719,554,102],"_links":{"self":[{"href":"https:\/\/lt15concordia.com.ar\/index.php\/wp-json\/wp\/v2\/posts\/60874"}],"collection":[{"href":"https:\/\/lt15concordia.com.ar\/index.php\/wp-json\/wp\/v2\/posts"}],"about":[{"href":"https:\/\/lt15concordia.com.ar\/index.php\/wp-json\/wp\/v2\/types\/post"}],"author":[{"embeddable":true,"href":"https:\/\/lt15concordia.com.ar\/index.php\/wp-json\/wp\/v2\/users\/5"}],"replies":[{"embeddable":true,"href":"https:\/\/lt15concordia.com.ar\/index.php\/wp-json\/wp\/v2\/comments?post=60874"}],"version-history":[{"count":2,"href":"https:\/\/lt15concordia.com.ar\/index.php\/wp-json\/wp\/v2\/posts\/60874\/revisions"}],"predecessor-version":[{"id":60876,"href":"https:\/\/lt15concordia.com.ar\/index.php\/wp-json\/wp\/v2\/posts\/60874\/revisions\/60876"}],"wp:featuredmedia":[{"embeddable":true,"href":"https:\/\/lt15concordia.com.ar\/index.php\/wp-json\/wp\/v2\/media\/60873"}],"wp:attachment":[{"href":"https:\/\/lt15concordia.com.ar\/index.php\/wp-json\/wp\/v2\/media?parent=60874"}],"wp:term":[{"taxonomy":"category","embeddable":true,"href":"https:\/\/lt15concordia.com.ar\/index.php\/wp-json\/wp\/v2\/categories?post=60874"},{"taxonomy":"post_tag","embeddable":true,"href":"https:\/\/lt15concordia.com.ar\/index.php\/wp-json\/wp\/v2\/tags?post=60874"}],"curies":[{"name":"wp","href":"https:\/\/api.w.org\/{rel}","templated":true}]}}