{"id":60870,"date":"2026-09-02T22:32:18","date_gmt":"2026-09-03T01:32:18","guid":{"rendered":"https:\/\/lt15concordia.com.ar\/?p=60870"},"modified":"2026-09-02T22:32:29","modified_gmt":"2026-09-03T01:32:29","slug":"entre-rios-elimina-pensiones-vitalicias-para-gobernadores-tras-61-anos","status":"publish","type":"post","link":"https:\/\/lt15concordia.com.ar\/index.php\/2026\/09\/02\/entre-rios-elimina-pensiones-vitalicias-para-gobernadores-tras-61-anos\/","title":{"rendered":"Entre R\u00edos elimina pensiones vitalicias para gobernadores tras 61 a\u00f1os"},"content":{"rendered":"<p>Sesenta y un a\u00f1os de un privilegio que pocos se animaban a tocar. La <strong>C\u00e1mara de Diputados de Entre R\u00edos<\/strong> convirti\u00f3 en ley el proyecto que deroga la <strong>Ley N\u00ba 4.506<\/strong>, vigente desde <strong>1965<\/strong>, que garantizaba una pensi\u00f3n vitalicia a quienes hubieran ejercido los cargos de gobernador y vicegobernador de la provincia. El beneficio equival\u00eda al <strong>75 por ciento<\/strong> de la remuneraci\u00f3n del cargo. Ya no existe.<\/p>\n<p>La iniciativa hab\u00eda sido enviada por el gobernador <strong>Rogelio Frigerio<\/strong> en <strong>enero de 2024<\/strong> y recorri\u00f3 el camino completo: tratamiento en ambas c\u00e1maras, modificaciones en el Senado y sanci\u00f3n definitiva en la C\u00e1mara baja. No fue un tr\u00e1mite r\u00e1pido, pero lleg\u00f3 a destino.<\/p>\n<p>El punto m\u00e1s llamativo de la nueva ley es que la eliminaci\u00f3n del beneficio alcanza tambi\u00e9n a las <strong>autoridades en ejercicio<\/strong>. Esto significa que el propio <strong>Frigerio<\/strong> y la vicegobernadora <strong>Alicia Aluani<\/strong> ser\u00e1n los primeros en quedar fuera del r\u00e9gimen que durante d\u00e9cadas cobij\u00f3 a sus antecesores. Una decisi\u00f3n que, al menos en t\u00e9rminos simb\u00f3licos, tiene peso: es dif\u00edcil argumentar que se elimina un privilegio cuando uno mismo queda exceptuado de la medida.<\/p>\n<p><strong>\u00abPusimos fin a m\u00e1s de 60 a\u00f1os de pensiones vitalicias para gobernadores y vicegobernadores. Con la vicegobernadora, Alicia Aluani, seremos los primeros alcanzados por esta decisi\u00f3n. Un compromiso m\u00e1s que asumimos y cumplimos\u00bb<\/strong>, afirm\u00f3 Frigerio al celebrar la sanci\u00f3n.<\/p>\n<p>El gobernador enmarc\u00f3 la medida dentro de una pol\u00edtica m\u00e1s amplia de reforma del Estado. <strong>\u00abDesde el primer d\u00eda de gesti\u00f3n venimos eliminando los privilegios de la pol\u00edtica y ordenando el Estado para ponerlo nuevamente al servicio de los entrerrianos\u00bb<\/strong>, sostuvo. Y cerr\u00f3 con una frase que resume la apuesta pol\u00edtica de la movida: <strong>\u00abSi queremos cambiar la forma de gobernar, el cambio tiene que empezar por quienes tenemos la responsabilidad de hacerlo\u00bb<\/strong>.<\/p>\n<p>La derogaci\u00f3n de la <strong>Ley 4.506<\/strong> se inscribe en la agenda de austeridad y transparencia que la gesti\u00f3n provincial viene impulsando desde su inicio. M\u00e1s all\u00e1 de la ret\u00f3rica, el dato concreto es que un r\u00e9gimen previsional especial que beneficiaba a la c\u00fapula pol\u00edtica de <strong>Entre R\u00edos<\/strong> desde la \u00e9poca de Illia qued\u00f3 formalmente desactivado. Lo que sigue es ver si la reforma se extiende a otros reg\u00edmenes especiales que todav\u00eda persisten en el Estado provincial.<\/p>\n<p><script type=\"application\/ld+json\">{\"@context\": \"https:\/\/schema.org\", \"@type\": \"NewsArticle\", \"headline\": \"Entre R\u00edos elimina pensiones vitalicias para gobernadores tras 61 a\u00f1os\", \"description\": \"La C\u00e1mara de Diputados convirti\u00f3 en ley la derogaci\u00f3n de la Ley 4.506. Frigerio y Aluani ser\u00e1n los primeros alcanzados por la medida.\", \"datePublished\": \"2026-09-02T22:32:28-03:00\", \"dateModified\": \"2026-09-02T22:32:28-03:00\", \"inLanguage\": \"es-AR\", \"articleSection\": \"politica\", \"author\": {\"@type\": \"Organization\", \"name\": \"Redaccion LT15 Concordia\", \"url\": \"https:\/\/lt15concordia.com.ar\"}, \"publisher\": {\"@type\": \"Organization\", \"name\": \"LT15 Concordia\"}, \"mainEntityOfPage\": {\"@type\": \"WebPage\", \"@id\": \"https:\/\/lt15concordia.com.ar\/index.php\/2026\/09\/02\/entre-rios-elimina-pensiones-vitalicias-para-gobernadores-tras-61-anos\/\"}, \"image\": [\"https:\/\/www.diariojunio.com.ar\/wp-content\/uploads\/2026\/08\/casa-gris.jpeg\"]}<\/script><\/p>\n","protected":false},"excerpt":{"rendered":"<p>La C\u00e1mara de Diputados convirti\u00f3 en ley la derogaci\u00f3n de la Ley 4.506. Frigerio y Aluani ser\u00e1n los primeros alcanzados por la medida.<\/p>\n","protected":false},"author":5,"featured_media":60869,"comment_status":"closed","ping_status":"closed","sticky":false,"template":"","format":"standard","meta":{"footnotes":""},"categories":[37],"tags":[4593,63,4718,837,2203,2201],"_links":{"self":[{"href":"https:\/\/lt15concordia.com.ar\/index.php\/wp-json\/wp\/v2\/posts\/60870"}],"collection":[{"href":"https:\/\/lt15concordia.com.ar\/index.php\/wp-json\/wp\/v2\/posts"}],"about":[{"href":"https:\/\/lt15concordia.com.ar\/index.php\/wp-json\/wp\/v2\/types\/post"}],"author":[{"embeddable":true,"href":"https:\/\/lt15concordia.com.ar\/index.php\/wp-json\/wp\/v2\/users\/5"}],"replies":[{"embeddable":true,"href":"https:\/\/lt15concordia.com.ar\/index.php\/wp-json\/wp\/v2\/comments?post=60870"}],"version-history":[{"count":2,"href":"https:\/\/lt15concordia.com.ar\/index.php\/wp-json\/wp\/v2\/posts\/60870\/revisions"}],"predecessor-version":[{"id":60872,"href":"https:\/\/lt15concordia.com.ar\/index.php\/wp-json\/wp\/v2\/posts\/60870\/revisions\/60872"}],"wp:featuredmedia":[{"embeddable":true,"href":"https:\/\/lt15concordia.com.ar\/index.php\/wp-json\/wp\/v2\/media\/60869"}],"wp:attachment":[{"href":"https:\/\/lt15concordia.com.ar\/index.php\/wp-json\/wp\/v2\/media?parent=60870"}],"wp:term":[{"taxonomy":"category","embeddable":true,"href":"https:\/\/lt15concordia.com.ar\/index.php\/wp-json\/wp\/v2\/categories?post=60870"},{"taxonomy":"post_tag","embeddable":true,"href":"https:\/\/lt15concordia.com.ar\/index.php\/wp-json\/wp\/v2\/tags?post=60870"}],"curies":[{"name":"wp","href":"https:\/\/api.w.org\/{rel}","templated":true}]}}