{"id":60866,"date":"2026-09-02T21:32:43","date_gmt":"2026-09-03T00:32:43","guid":{"rendered":"https:\/\/lt15concordia.com.ar\/?p=60866"},"modified":"2026-09-02T21:32:55","modified_gmt":"2026-09-03T00:32:55","slug":"mas-de-300-personas-en-la-semana-del-emprendimiento-en-parana","status":"publish","type":"post","link":"https:\/\/lt15concordia.com.ar\/index.php\/2026\/09\/02\/mas-de-300-personas-en-la-semana-del-emprendimiento-en-parana\/","title":{"rendered":"M\u00e1s de 300 personas en la Semana del Emprendimiento en Paran\u00e1"},"content":{"rendered":"<p>Trescientas personas en una sala, universidades y empresas en la misma mesa, y la inteligencia artificial como protagonista del debate. As\u00ed transcurri\u00f3 este mi\u00e9rcoles la segunda jornada de la <strong>Semana del Emprendimiento e Innovaci\u00f3n Entre R\u00edos 2026<\/strong>, en el <strong>Centro Provincial de Convenciones de Paran\u00e1<\/strong>.<\/p>\n<p>El encuentro reuni\u00f3 a <strong>estudiantes universitarios<\/strong> de distintas carreras junto a autoridades provinciales, docentes, empresarios, emprendedores y referentes del ecosistema innovador entrerriano. Uno de los momentos destacados fue la entrega de la <strong>declaraci\u00f3n de inter\u00e9s legislativo<\/strong> de la iniciativa por parte de la <strong>C\u00e1mara de Diputados de la Provincia<\/strong>: la diputada <strong>D\u00e9bora Todoni<\/strong> hizo entrega del reconocimiento al presidente de <strong>AFIDEER, H\u00e9ctor Motta<\/strong>, en un gesto que subraya el respaldo institucional a un espacio que articula universidad, sector productivo e innovaci\u00f3n.<\/p>\n<p>La bienvenida estuvo a cargo de <strong>Luciano Filipuzzi<\/strong>, rector de la <strong>Universidad Aut\u00f3noma de Entre R\u00edos (UADER)<\/strong>, y de <strong>Alejandro Carrere<\/strong>, decano de la <strong>UTN Regional Paran\u00e1<\/strong>. Filipuzzi fue directo con los j\u00f3venes presentes: <strong>&#8220;Potencialmente, son todos emprendedores, y eso es lo que tenemos que incentivar&#8221;<\/strong>. Y fue m\u00e1s lejos todav\u00eda: mientras la inteligencia artificial crece como herramienta, <strong>&#8220;el esp\u00edritu, el coraje y la din\u00e1mica que tiene un emprendedor es humana&#8221;<\/strong>. Carrere, por su parte, celebr\u00f3 que nunca la tecnolog\u00eda estuvo tan al alcance de las personas y llam\u00f3 a ver la IA, la rob\u00f3tica y la automatizaci\u00f3n como aliadas, no como amenazas.<\/p>\n<p>Tambi\u00e9n estuvieron presentes la <strong>ministra de Desarrollo Humano de Entre R\u00edos, Ver\u00f3nica Berisso<\/strong>, y el <strong>intendente de Villa Libertador San Mart\u00edn, Dar\u00edo Heinze<\/strong>. La agenda de conferencias fue densa y variada: <strong>Sergio Candelo<\/strong> abri\u00f3 con una exposici\u00f3n sobre inteligencia artificial y soberan\u00eda cognitiva; <strong>Eduardo Matozo<\/strong>, del Parque Tecnol\u00f3gico Litoral Centro, present\u00f3 modelos de articulaci\u00f3n para emprendimientos tecnol\u00f3gicos; y la estratega <strong>Maia Dordevic<\/strong> abord\u00f3 el dise\u00f1o de modelos de negocios \u00e1giles.<\/p>\n<p>El programa incluy\u00f3 adem\u00e1s un panel de experiencias con <strong>Valent\u00edn Boixadera<\/strong> (Watering) y <strong>Agust\u00edn Arias<\/strong> (Argeniss Software), la presentaci\u00f3n de <strong>Victoria Nagel<\/strong> sobre el recorrido de startups cient\u00edfico-tecnol\u00f3gicas desde Infira, y un espacio interactivo del espa\u00f1ol <strong>David Garc\u00eda P\u00e1ez<\/strong> sobre bioseguridad y emprendimiento. <strong>Carlos Pallotti<\/strong>, director de MiradorTEC y uno de los referentes del desarrollo tecnol\u00f3gico argentino, cerr\u00f3 la jornada con una mirada sobre los desaf\u00edos de construir empresas tecnol\u00f3gicas en el pa\u00eds. La Semana del Emprendimiento contin\u00faa con su agenda en Paran\u00e1, consolid\u00e1ndose como uno de los espacios de referencia del ecosistema innovador de la provincia.<\/p>\n<p><script type=\"application\/ld+json\">{\"@context\": \"https:\/\/schema.org\", \"@type\": \"NewsArticle\", \"headline\": \"M\u00e1s de 300 personas en la Semana del Emprendimiento en Paran\u00e1\", \"description\": \"La segunda jornada del evento reuni\u00f3 a estudiantes, empresarios y autoridades en el Centro Provincial de Convenciones de Paran\u00e1 con foco en IA y tecnolog\u00eda.\", \"datePublished\": \"2026-09-02T21:32:55-03:00\", \"dateModified\": \"2026-09-02T21:32:55-03:00\", \"inLanguage\": \"es-AR\", \"articleSection\": \"economia\", \"author\": {\"@type\": \"Organization\", \"name\": \"Redaccion LT15 Concordia\", \"url\": \"https:\/\/lt15concordia.com.ar\"}, \"publisher\": {\"@type\": \"Organization\", \"name\": \"LT15 Concordia\"}, \"mainEntityOfPage\": {\"@type\": \"WebPage\", \"@id\": \"https:\/\/lt15concordia.com.ar\/index.php\/2026\/09\/02\/mas-de-300-personas-en-la-semana-del-emprendimiento-en-parana\/\"}, \"image\": [\"https:\/\/dosflorines.com.ar\/wp-content\/uploads\/2026\/09\/semana-emprendimiento-parana-4.jpeg\"]}<\/script><\/p>\n","protected":false},"excerpt":{"rendered":"<p>La segunda jornada del evento reuni\u00f3 a estudiantes, empresarios y autoridades en el Centro Provincial de Convenciones de Paran\u00e1 con foco en IA y tecnolog\u00eda.<\/p>\n","protected":false},"author":5,"featured_media":60865,"comment_status":"closed","ping_status":"closed","sticky":false,"template":"","format":"standard","meta":{"footnotes":""},"categories":[37],"tags":[2528,63,746,439,67,642],"_links":{"self":[{"href":"https:\/\/lt15concordia.com.ar\/index.php\/wp-json\/wp\/v2\/posts\/60866"}],"collection":[{"href":"https:\/\/lt15concordia.com.ar\/index.php\/wp-json\/wp\/v2\/posts"}],"about":[{"href":"https:\/\/lt15concordia.com.ar\/index.php\/wp-json\/wp\/v2\/types\/post"}],"author":[{"embeddable":true,"href":"https:\/\/lt15concordia.com.ar\/index.php\/wp-json\/wp\/v2\/users\/5"}],"replies":[{"embeddable":true,"href":"https:\/\/lt15concordia.com.ar\/index.php\/wp-json\/wp\/v2\/comments?post=60866"}],"version-history":[{"count":2,"href":"https:\/\/lt15concordia.com.ar\/index.php\/wp-json\/wp\/v2\/posts\/60866\/revisions"}],"predecessor-version":[{"id":60868,"href":"https:\/\/lt15concordia.com.ar\/index.php\/wp-json\/wp\/v2\/posts\/60866\/revisions\/60868"}],"wp:featuredmedia":[{"embeddable":true,"href":"https:\/\/lt15concordia.com.ar\/index.php\/wp-json\/wp\/v2\/media\/60865"}],"wp:attachment":[{"href":"https:\/\/lt15concordia.com.ar\/index.php\/wp-json\/wp\/v2\/media?parent=60866"}],"wp:term":[{"taxonomy":"category","embeddable":true,"href":"https:\/\/lt15concordia.com.ar\/index.php\/wp-json\/wp\/v2\/categories?post=60866"},{"taxonomy":"post_tag","embeddable":true,"href":"https:\/\/lt15concordia.com.ar\/index.php\/wp-json\/wp\/v2\/tags?post=60866"}],"curies":[{"name":"wp","href":"https:\/\/api.w.org\/{rel}","templated":true}]}}