{"id":60858,"date":"2026-09-02T21:31:03","date_gmt":"2026-09-03T00:31:03","guid":{"rendered":"https:\/\/lt15concordia.com.ar\/?p=60858"},"modified":"2026-09-02T21:31:15","modified_gmt":"2026-09-03T00:31:15","slug":"uruguay-relocaliza-su-planta-de-hidrogeno-tras-el-reclamo-entrerriano","status":"publish","type":"post","link":"https:\/\/lt15concordia.com.ar\/index.php\/2026\/09\/02\/uruguay-relocaliza-su-planta-de-hidrogeno-tras-el-reclamo-entrerriano\/","title":{"rendered":"Uruguay relocaliza su planta de hidr\u00f3geno tras el reclamo entrerriano"},"content":{"rendered":"<p>No fue un reclamo en el vac\u00edo. <strong>Uruguay confirm\u00f3 que relocalizar\u00e1 su planta de hidr\u00f3geno verde<\/strong> despu\u00e9s de que el <strong>Gobierno de Entre R\u00edos<\/strong> y las autoridades de <strong>Col\u00f3n<\/strong> pusieran el grito en el cielo por el emplazamiento original, que amenazaba con chocar de frente con la identidad tur\u00edstica de la zona.<\/p>\n<p>La respuesta del pa\u00eds vecino lleg\u00f3 como respuesta directa a esos planteos, y el Ejecutivo provincial no tard\u00f3 en celebrarlo. La decisi\u00f3n, dijeron desde el gobierno entrerriano, <strong>&#8220;compatibiliza la industria con el turismo&#8221;<\/strong>, una frase que resume el nudo del conflicto: c\u00f3mo instalar infraestructura de gran escala sin destruir lo que hace atractiva a una regi\u00f3n.<\/p>\n<p>Col\u00f3n es uno de los destinos tur\u00edsticos m\u00e1s consolidados del litoral argentino. Su perfil de ciudad termal y su cercan\u00eda con el <strong>r\u00edo Uruguay<\/strong> la convierten en un punto sensible para cualquier proyecto industrial de envergadura. Que una planta de hidr\u00f3geno verde \u2014tecnolog\u00eda de punta pero con impacto visual y log\u00edstico considerable\u2014 se instalara en un lugar que pudiera afectar ese ecosistema era, para los entrerrianos, inaceptable.<\/p>\n<p>El reclamo formal del gobierno provincial fue la palanca que movi\u00f3 la negociaci\u00f3n. No es menor: que <strong>Entre R\u00edos haya logrado que Uruguay modifique la ubicaci\u00f3n de un proyecto de esta magnitud<\/strong> habla de una gesti\u00f3n diplom\u00e1tica efectiva en el marco de la cuenca compartida del r\u00edo Uruguay, donde los dos pa\u00edses tienen obligaciones y acuerdos hist\u00f3ricos de consulta mutua.<\/p>\n<p>La relocalizaci\u00f3n no implica el abandono del proyecto, sino su reencuadre. El hidr\u00f3geno verde sigue siendo una apuesta estrat\u00e9gica para la regi\u00f3n, y la planta seguir\u00e1 adelante, pero en un punto que no genere tensi\u00f3n con el perfil tur\u00edstico de <strong>Col\u00f3n y su entorno<\/strong>. El desaf\u00edo ahora es que el nuevo emplazamiento elegido efectivamente cumpla con esa promesa de compatibilidad, y que no se trate de un simple corrimiento cosm\u00e9tico que traslade el problema unos kil\u00f3metros.<\/p>\n<p>La decisi\u00f3n marca un antecedente importante: los reclamos ambientales y tur\u00edsticos de las comunidades entrerrianas tienen peso en la mesa binacional, y el di\u00e1logo entre los dos pa\u00edses sobre el uso del territorio compartido sigue siendo una herramienta vigente y funcional.<\/p>\n<p><script type=\"application\/ld+json\">{\"@context\": \"https:\/\/schema.org\", \"@type\": \"NewsArticle\", \"headline\": \"Uruguay relocaliza su planta de hidr\u00f3geno tras el reclamo entrerriano\", \"description\": \"Tras los planteos del gobierno provincial y de Col\u00f3n, Uruguay confirm\u00f3 que mover\u00e1 la planta de hidr\u00f3geno verde. Entre R\u00edos celebr\u00f3 la decisi\u00f3n.\", \"datePublished\": \"2026-09-02T21:31:14-03:00\", \"dateModified\": \"2026-09-02T21:31:14-03:00\", \"inLanguage\": \"es-AR\", \"articleSection\": \"politica\", \"author\": {\"@type\": \"Organization\", \"name\": \"Redaccion LT15 Concordia\", \"url\": \"https:\/\/lt15concordia.com.ar\"}, \"publisher\": {\"@type\": \"Organization\", \"name\": \"LT15 Concordia\"}, \"mainEntityOfPage\": {\"@type\": \"WebPage\", \"@id\": \"https:\/\/lt15concordia.com.ar\/index.php\/2026\/09\/02\/uruguay-relocaliza-su-planta-de-hidrogeno-tras-el-reclamo-entrerriano\/\"}, \"image\": [\"https:\/\/elonce-media.elonce.com\/fotos\/2025\/11\/26\/m_1764211473_18675.webp\"]}<\/script><\/p>\n","protected":false},"excerpt":{"rendered":"<p>Tras los planteos del gobierno provincial y de Col\u00f3n, Uruguay confirm\u00f3 que mover\u00e1 la planta de hidr\u00f3geno verde. Entre R\u00edos celebr\u00f3 la decisi\u00f3n.<\/p>\n","protected":false},"author":5,"featured_media":60857,"comment_status":"closed","ping_status":"closed","sticky":false,"template":"","format":"standard","meta":{"footnotes":""},"categories":[37],"tags":[270,63,4697,1653,218,124],"_links":{"self":[{"href":"https:\/\/lt15concordia.com.ar\/index.php\/wp-json\/wp\/v2\/posts\/60858"}],"collection":[{"href":"https:\/\/lt15concordia.com.ar\/index.php\/wp-json\/wp\/v2\/posts"}],"about":[{"href":"https:\/\/lt15concordia.com.ar\/index.php\/wp-json\/wp\/v2\/types\/post"}],"author":[{"embeddable":true,"href":"https:\/\/lt15concordia.com.ar\/index.php\/wp-json\/wp\/v2\/users\/5"}],"replies":[{"embeddable":true,"href":"https:\/\/lt15concordia.com.ar\/index.php\/wp-json\/wp\/v2\/comments?post=60858"}],"version-history":[{"count":2,"href":"https:\/\/lt15concordia.com.ar\/index.php\/wp-json\/wp\/v2\/posts\/60858\/revisions"}],"predecessor-version":[{"id":60860,"href":"https:\/\/lt15concordia.com.ar\/index.php\/wp-json\/wp\/v2\/posts\/60858\/revisions\/60860"}],"wp:featuredmedia":[{"embeddable":true,"href":"https:\/\/lt15concordia.com.ar\/index.php\/wp-json\/wp\/v2\/media\/60857"}],"wp:attachment":[{"href":"https:\/\/lt15concordia.com.ar\/index.php\/wp-json\/wp\/v2\/media?parent=60858"}],"wp:term":[{"taxonomy":"category","embeddable":true,"href":"https:\/\/lt15concordia.com.ar\/index.php\/wp-json\/wp\/v2\/categories?post=60858"},{"taxonomy":"post_tag","embeddable":true,"href":"https:\/\/lt15concordia.com.ar\/index.php\/wp-json\/wp\/v2\/tags?post=60858"}],"curies":[{"name":"wp","href":"https:\/\/api.w.org\/{rel}","templated":true}]}}