{"id":60854,"date":"2026-09-02T20:33:02","date_gmt":"2026-09-02T23:33:02","guid":{"rendered":"https:\/\/lt15concordia.com.ar\/?p=60854"},"modified":"2026-09-02T20:33:13","modified_gmt":"2026-09-02T23:33:13","slug":"industria-en-parana-impuestos-rutas-y-tarifas-los-tres-frentes-calientes","status":"publish","type":"post","link":"https:\/\/lt15concordia.com.ar\/index.php\/2026\/09\/02\/industria-en-parana-impuestos-rutas-y-tarifas-los-tres-frentes-calientes\/","title":{"rendered":"Industria en Paran\u00e1: impuestos, rutas y tarifas, los tres frentes calientes"},"content":{"rendered":"<p>El <strong>D\u00eda de la Industria<\/strong> lleg\u00f3 con diagn\u00f3stico en mano y sin demasiado optimismo f\u00e1cil. <strong>Mar\u00eda Eugenia Hillairet<\/strong>, secretaria de la <strong>Asociaci\u00f3n de Empresas del Parque Industrial de Paran\u00e1 (Asempi)<\/strong> y vicepresidenta de la <strong>Uni\u00f3n Industrial de Entre R\u00edos (UIER)<\/strong>, sali\u00f3 a poner en contexto la situaci\u00f3n del sector y a marcar con claridad qu\u00e9 hace falta para que la industria entrerriana no pierda pisada.<\/p>\n<p>El primer dato que circul\u00f3 en el debate p\u00fablico fue el m\u00e1s duro: <strong>90.000 puestos industriales registrados perdidos en todo el pa\u00eds desde agosto de 2023<\/strong>. Un n\u00famero que pesa. Pero Hillairet aclar\u00f3 que el <strong>Parque Industrial de Paran\u00e1<\/strong> no sinti\u00f3 ese golpe con la misma intensidad. La explicaci\u00f3n est\u00e1 en la diversidad de rubros que conviven en el predio, una heterogeneidad que funcion\u00f3 como amortiguador. &#8220;No se verifica un impacto fuerte, s\u00ed de algunos casos y algunas p\u00e9rdidas de empleo, pero no llega a ser un evento relevante o que podamos ver con preocupaci\u00f3n&#8221;, dijo la dirigente.<\/p>\n<p>Tambi\u00e9n ayud\u00f3 la estructura productiva de la provincia. La <strong>agroindustria y el sector alimentario<\/strong>, columna vertebral de la econom\u00eda entrerriana, sostuvieron el piso cuando otras ramas flaquearon. Hillairet admiti\u00f3 que algunos sectores rindieron menos que en a\u00f1os anteriores, pero subray\u00f3 que eso &#8220;no ha significado bajas tan importantes que compliquen la situaci\u00f3n del empleo&#8221;.<\/p>\n<p>Ahora bien, \u00bfqu\u00e9 necesita la industria para seguir en carrera? La dirigente fue directa al enumerar tres frentes cr\u00edticos. El primero y m\u00e1s urgente: los <strong>impuestos<\/strong>. &#8220;Creemos que dentro de todos los desaf\u00edos que existen para hacer industrias competitivas, el primero tiene que ver con el orden de lo fiscal&#8221;, afirm\u00f3, y llam\u00f3 a construir &#8220;agendas conjuntas con los gobiernos en todos sus niveles&#8221; para que el producto llegue al cliente con el mejor precio posible.<\/p>\n<p>El segundo eje es la <strong>infraestructura<\/strong>. Sin buenos caminos y conectividad, la cadena productiva se traba antes de llegar al mercado. No es una novedad, pero sigue siendo una deuda pendiente que la industria reclama con insistencia.<\/p>\n<p>El tercero, y quiz\u00e1s el m\u00e1s urgente en el corto plazo, es la <strong>energ\u00eda<\/strong>. Las tarifas se dispararon de forma considerable y, en un contexto de menor demanda, el costo energ\u00e9tico se vuelve una barrera dif\u00edcil de saltar. &#8220;Es muy dif\u00edcil llegar con productos competitivos&#8221;, alert\u00f3 Hillairet, que inst\u00f3 a &#8220;trabajar fuertemente&#8221; para bajar esos costos.<\/p>\n<p>Pese al panorama, hay se\u00f1ales que el sector rescata: el <strong>Parque Industrial de Paran\u00e1<\/strong> sigue atrayendo inversiones, con empresas que se radican y construyen nuevas naves, incluso en un a\u00f1o complicado. Rubros como la <strong>construcci\u00f3n y la metalurgia<\/strong> la vienen pasando peor que el resto, pero el polo en su conjunto mantiene actividad. El mensaje final de Hillairet fue claro: &#8220;Estamos trabajando para que haya incentivos, porque realmente necesitamos seguir dando trabajo y, sobre todo, desarrollar este polo industrial que es muy importante para la provincia y tambi\u00e9n para la ciudad&#8221;.<\/p>\n<p><script type=\"application\/ld+json\">{\"@context\": \"https:\/\/schema.org\", \"@type\": \"NewsArticle\", \"headline\": \"Industria en Paran\u00e1: impuestos, rutas y tarifas, los tres frentes calientes\", \"description\": \"La dirigente de Asempi y UIER marc\u00f3 los desaf\u00edos del sector productivo y aclar\u00f3 que el parque industrial no sufri\u00f3 el impacto de los 90.000 empleos perdidos a nivel nacional.\", \"datePublished\": \"2026-09-02T20:33:12-03:00\", \"dateModified\": \"2026-09-02T20:33:12-03:00\", \"inLanguage\": \"es-AR\", \"articleSection\": \"economia\", \"author\": {\"@type\": \"Organization\", \"name\": \"Redaccion LT15 Concordia\", \"url\": \"https:\/\/lt15concordia.com.ar\"}, \"publisher\": {\"@type\": \"Organization\", \"name\": \"LT15 Concordia\"}, \"mainEntityOfPage\": {\"@type\": \"WebPage\", \"@id\": \"https:\/\/lt15concordia.com.ar\/index.php\/2026\/09\/02\/industria-en-parana-impuestos-rutas-y-tarifas-los-tres-frentes-calientes\/\"}, \"image\": [\"https:\/\/dosflorines.com.ar\/wp-content\/uploads\/2026\/09\/maria-eugenia-hillairet-canal-0.jpg\"]}<\/script><\/p>\n","protected":false},"excerpt":{"rendered":"<p>La dirigente de Asempi y UIER marc\u00f3 los desaf\u00edos del sector productivo y aclar\u00f3 que el parque industrial no sufri\u00f3 el impacto de los 90.000 empleos perdidos a nivel nacional.<\/p>\n","protected":false},"author":5,"featured_media":60853,"comment_status":"closed","ping_status":"closed","sticky":false,"template":"","format":"standard","meta":{"footnotes":""},"categories":[37],"tags":[65,63,609,67,352,325],"_links":{"self":[{"href":"https:\/\/lt15concordia.com.ar\/index.php\/wp-json\/wp\/v2\/posts\/60854"}],"collection":[{"href":"https:\/\/lt15concordia.com.ar\/index.php\/wp-json\/wp\/v2\/posts"}],"about":[{"href":"https:\/\/lt15concordia.com.ar\/index.php\/wp-json\/wp\/v2\/types\/post"}],"author":[{"embeddable":true,"href":"https:\/\/lt15concordia.com.ar\/index.php\/wp-json\/wp\/v2\/users\/5"}],"replies":[{"embeddable":true,"href":"https:\/\/lt15concordia.com.ar\/index.php\/wp-json\/wp\/v2\/comments?post=60854"}],"version-history":[{"count":2,"href":"https:\/\/lt15concordia.com.ar\/index.php\/wp-json\/wp\/v2\/posts\/60854\/revisions"}],"predecessor-version":[{"id":60856,"href":"https:\/\/lt15concordia.com.ar\/index.php\/wp-json\/wp\/v2\/posts\/60854\/revisions\/60856"}],"wp:featuredmedia":[{"embeddable":true,"href":"https:\/\/lt15concordia.com.ar\/index.php\/wp-json\/wp\/v2\/media\/60853"}],"wp:attachment":[{"href":"https:\/\/lt15concordia.com.ar\/index.php\/wp-json\/wp\/v2\/media?parent=60854"}],"wp:term":[{"taxonomy":"category","embeddable":true,"href":"https:\/\/lt15concordia.com.ar\/index.php\/wp-json\/wp\/v2\/categories?post=60854"},{"taxonomy":"post_tag","embeddable":true,"href":"https:\/\/lt15concordia.com.ar\/index.php\/wp-json\/wp\/v2\/tags?post=60854"}],"curies":[{"name":"wp","href":"https:\/\/api.w.org\/{rel}","templated":true}]}}