{"id":60846,"date":"2026-09-02T20:31:09","date_gmt":"2026-09-02T23:31:09","guid":{"rendered":"https:\/\/lt15concordia.com.ar\/?p=60846"},"modified":"2026-09-02T20:31:19","modified_gmt":"2026-09-02T23:31:19","slug":"navarro-jaurena-recorrio-20-barrios-y-hablo-de-abandono-en-concordia","status":"publish","type":"post","link":"https:\/\/lt15concordia.com.ar\/index.php\/2026\/09\/02\/navarro-jaurena-recorrio-20-barrios-y-hablo-de-abandono-en-concordia\/","title":{"rendered":"Navarro Jaurena recorri\u00f3 20 barrios y habl\u00f3 de &#8220;abandono&#8221; en Concordia"},"content":{"rendered":"<p>Veinte barrios en un mes. Eso fue lo que recorri\u00f3 <strong>Navarro Jaurena<\/strong> durante agosto, en el marco del <strong>Mes de las Infancias<\/strong>, llevando chocolate caliente, juegos y m\u00fasica directamente a los vecinos de <strong>Concordia<\/strong>. Pero lo que encontr\u00f3, seg\u00fan \u00e9l mismo describe, fue bastante m\u00e1s pesado que una fiesta: desilusi\u00f3n, abandono y una lista de problemas sin resolver que se repite de barrio en barrio.<\/p>\n<p>La decisi\u00f3n de salir a los barrios en lugar de concentrar los festejos en puntos fijos no fue casual. El dirigente, que ya tiene la mira puesta en <strong>2027<\/strong>, aprovech\u00f3 cada encuentro para escuchar a los vecinos. Y lo que escuch\u00f3 no es precisamente un elogio a la gesti\u00f3n actual. <strong>&#8220;Nos encontramos con realidades muy diferentes y, lamentablemente, con sectores de nuestra ciudad donde existe una enorme ausencia del Estado&#8221;<\/strong>, afirm\u00f3.<\/p>\n<p>Entre las demandas m\u00e1s frecuentes aparecen problemas de <strong>acceso a agua potable<\/strong>, conexiones el\u00e9ctricas deficientes, falta de <strong>alumbrado p\u00fablico<\/strong>, ausencia de cloacas y calles en mal estado. A eso se suma una realidad econ\u00f3mica que golpea duro: <strong>&#8220;Cuando una familia te plantea como principal preocupaci\u00f3n poder garantizar un plato de comida en su casa, entend\u00e9s inmediatamente cu\u00e1les deber\u00edan ser las prioridades de la pol\u00edtica&#8221;<\/strong>, se\u00f1al\u00f3.<\/p>\n<p>El tercer reclamo que identific\u00f3 es quiz\u00e1s el m\u00e1s pol\u00edtico de todos: los vecinos quieren ser escuchados. <strong>&#8220;Muchos vecinos sienten que solamente se los visita cuando llega una elecci\u00f3n&#8221;<\/strong>, dijo, apuntando a una pr\u00e1ctica que, seg\u00fan \u00e9l, genera un hartazgo que ya no distingue entre partidos. <strong>&#8220;Existe un cansancio que va mucho m\u00e1s all\u00e1 de un partido pol\u00edtico&#8221;<\/strong>, sostuvo.<\/p>\n<p>Sobre la gesti\u00f3n del intendente <strong>Azcue<\/strong>, Navarro Jaurena fue cuidadoso en aclarar que no habla en nombre de todos los concordienses, pero no esquiv\u00f3 la cr\u00edtica: dijo haber encontrado <strong>&#8220;mucha desilusi\u00f3n&#8221;<\/strong> y, en determinados sectores, <strong>&#8220;una fuerte sensaci\u00f3n de abandono&#8221;<\/strong>. <strong>&#8220;Esperaban mayor presencia, mayor cercan\u00eda y respuestas concretas a problemas cotidianos&#8221;<\/strong>, afirm\u00f3, extendiendo el cuestionamiento tambi\u00e9n a funcionarios y concejales.<\/p>\n<p>La propuesta que viene construyendo apunta a un perfil de gesti\u00f3n que ponga primero el diagn\u00f3stico barrial. <strong>&#8220;Primero hay que escuchar, despu\u00e9s establecer prioridades y finalmente actuar&#8221;<\/strong>, resumi\u00f3. Y aclar\u00f3 que no busca capitalizar solo el voto del desencanto: quiere sumar a <strong>trabajadores, comerciantes, emprendedores, profesionales y j\u00f3venes<\/strong> que busquen una alternativa para la ciudad, m\u00e1s por entusiasmo que por bronca acumulada. Las recorridas de agosto son, en ese esquema, el primer paso de una estrategia que tiene fecha de vencimiento en las pr\u00f3ximas elecciones municipales.<\/p>\n<p><script type=\"application\/ld+json\">{\"@context\": \"https:\/\/schema.org\", \"@type\": \"NewsArticle\", \"headline\": \"Navarro Jaurena recorri\u00f3 20 barrios y habl\u00f3 de \\\"abandono\\\" en Concordia\", \"description\": \"El dirigente recorri\u00f3 barrios durante agosto y relev\u00f3 problemas de servicios b\u00e1sicos, necesidad econ\u00f3mica y una percepci\u00f3n de ausencia del Estado municipal.\", \"datePublished\": \"2026-09-02T20:31:19-03:00\", \"dateModified\": \"2026-09-02T20:31:19-03:00\", \"inLanguage\": \"es-AR\", \"articleSection\": \"politica\", \"author\": {\"@type\": \"Organization\", \"name\": \"Redaccion LT15 Concordia\", \"url\": \"https:\/\/lt15concordia.com.ar\"}, \"publisher\": {\"@type\": \"Organization\", \"name\": \"LT15 Concordia\"}, \"mainEntityOfPage\": {\"@type\": \"WebPage\", \"@id\": \"https:\/\/lt15concordia.com.ar\/index.php\/2026\/09\/02\/navarro-jaurena-recorrio-20-barrios-y-hablo-de-abandono-en-concordia\/\"}, \"image\": [\"https:\/\/www.diariojunio.com.ar\/wp-content\/uploads\/2026\/09\/navarro-jaurena-agosto.jpg\"]}<\/script><\/p>\n","protected":false},"excerpt":{"rendered":"<p>El dirigente recorri\u00f3 barrios durante agosto y relev\u00f3 problemas de servicios b\u00e1sicos, necesidad econ\u00f3mica y una percepci\u00f3n de ausencia del Estado municipal.<\/p>\n","protected":false},"author":5,"featured_media":60845,"comment_status":"closed","ping_status":"closed","sticky":false,"template":"","format":"standard","meta":{"footnotes":""},"categories":[30],"tags":[720,4560,41,3078,3479,4204],"_links":{"self":[{"href":"https:\/\/lt15concordia.com.ar\/index.php\/wp-json\/wp\/v2\/posts\/60846"}],"collection":[{"href":"https:\/\/lt15concordia.com.ar\/index.php\/wp-json\/wp\/v2\/posts"}],"about":[{"href":"https:\/\/lt15concordia.com.ar\/index.php\/wp-json\/wp\/v2\/types\/post"}],"author":[{"embeddable":true,"href":"https:\/\/lt15concordia.com.ar\/index.php\/wp-json\/wp\/v2\/users\/5"}],"replies":[{"embeddable":true,"href":"https:\/\/lt15concordia.com.ar\/index.php\/wp-json\/wp\/v2\/comments?post=60846"}],"version-history":[{"count":2,"href":"https:\/\/lt15concordia.com.ar\/index.php\/wp-json\/wp\/v2\/posts\/60846\/revisions"}],"predecessor-version":[{"id":60848,"href":"https:\/\/lt15concordia.com.ar\/index.php\/wp-json\/wp\/v2\/posts\/60846\/revisions\/60848"}],"wp:featuredmedia":[{"embeddable":true,"href":"https:\/\/lt15concordia.com.ar\/index.php\/wp-json\/wp\/v2\/media\/60845"}],"wp:attachment":[{"href":"https:\/\/lt15concordia.com.ar\/index.php\/wp-json\/wp\/v2\/media?parent=60846"}],"wp:term":[{"taxonomy":"category","embeddable":true,"href":"https:\/\/lt15concordia.com.ar\/index.php\/wp-json\/wp\/v2\/categories?post=60846"},{"taxonomy":"post_tag","embeddable":true,"href":"https:\/\/lt15concordia.com.ar\/index.php\/wp-json\/wp\/v2\/tags?post=60846"}],"curies":[{"name":"wp","href":"https:\/\/api.w.org\/{rel}","templated":true}]}}