{"id":60829,"date":"2026-09-02T18:36:31","date_gmt":"2026-09-02T21:36:31","guid":{"rendered":"https:\/\/lt15concordia.com.ar\/?p=60829"},"modified":"2026-09-02T18:36:44","modified_gmt":"2026-09-02T21:36:44","slug":"alerta-amarilla-por-tormentas-en-entre-rios-cinco-departamentos-en-la-mira","status":"publish","type":"post","link":"https:\/\/lt15concordia.com.ar\/index.php\/2026\/09\/02\/alerta-amarilla-por-tormentas-en-entre-rios-cinco-departamentos-en-la-mira\/","title":{"rendered":"Alerta amarilla por tormentas en Entre R\u00edos: cinco departamentos en la mira"},"content":{"rendered":"<p>El jueves llega con cielo cargado para buena parte de <strong>Entre R\u00edos<\/strong>. El <strong>Servicio Meteorol\u00f3gico Nacional<\/strong> activ\u00f3 una <strong>alerta amarilla por tormentas<\/strong> que alcanzar\u00e1 a cinco departamentos de la provincia, con pron\u00f3stico de lluvias intensas, r\u00e1fagas fuertes, posible granizo y acumulados que podr\u00edan trepar hasta los <strong>50 mil\u00edmetros<\/strong>.<\/p>\n<p>La alerta amarilla no es un aviso para ignorar. Ese umbral de precipitaciones en pocas horas tiene capacidad real de generar anegamientos, cortes de caminos rurales y complicaciones en zonas bajas. <strong>El granizo<\/strong>, si se confirma, suma otro factor de riesgo para cultivos y veh\u00edculos a la intemperie.<\/p>\n<p>El resto de la provincia tampoco se salva: el <strong>SMN<\/strong> anticip\u00f3 inestabilidad generalizada para la jornada del jueves, lo que significa que incluso las zonas fuera del \u00e1rea de alerta deber\u00e1n estar atentas a cambios bruscos en las condiciones clim\u00e1ticas. En \u00e9pocas de transici\u00f3n como el inicio de la primavera, los sistemas de tormenta pueden intensificarse con rapidez y sin demasiado aviso previo.<\/p>\n<p>La recomendaci\u00f3n de siempre en estos casos es evitar actividades al aire libre durante el per\u00edodo de mayor riesgo, asegurar objetos que puedan ser arrastrados por el viento y mantenerse alejado de cursos de agua que puedan crecer con rapidez. Para quienes trabajan en el campo o tienen actividades rurales programadas para el jueves, la jornada pide prudencia antes que apuro.<\/p>\n<p>Las autoridades provinciales y municipales monitorean la evoluci\u00f3n del sistema. Se espera que el <strong>SMN<\/strong> actualice los avisos a medida que el frente se acerque y los modelos meteorol\u00f3gicos afinen el \u00e1rea exacta de impacto y los horarios de mayor intensidad.<\/p>\n<p><script type=\"application\/ld+json\">{\"@context\": \"https:\/\/schema.org\", \"@type\": \"NewsArticle\", \"headline\": \"Alerta amarilla por tormentas en Entre R\u00edos: cinco departamentos en la mira\", \"description\": \"El SMN activ\u00f3 alerta amarilla para este jueves en cinco departamentos entrerrianos. Se esperan lluvias intensas, r\u00e1fagas, granizo y hasta 50 mm acumulados.\", \"datePublished\": \"2026-09-02T18:36:43-03:00\", \"dateModified\": \"2026-09-02T18:36:43-03:00\", \"inLanguage\": \"es-AR\", \"articleSection\": \"sociedad\", \"author\": {\"@type\": \"Organization\", \"name\": \"Redaccion LT15 Concordia\", \"url\": \"https:\/\/lt15concordia.com.ar\"}, \"publisher\": {\"@type\": \"Organization\", \"name\": \"LT15 Concordia\"}, \"mainEntityOfPage\": {\"@type\": \"WebPage\", \"@id\": \"https:\/\/lt15concordia.com.ar\/index.php\/2026\/09\/02\/alerta-amarilla-por-tormentas-en-entre-rios-cinco-departamentos-en-la-mira\/\"}, \"image\": [\"https:\/\/elonce-media.elonce.com\/fotos\/2025\/11\/28\/m_1764377857_41061.webp\"]}<\/script><\/p>\n","protected":false},"excerpt":{"rendered":"<p>El SMN activ\u00f3 alerta amarilla para este jueves en cinco departamentos entrerrianos. Se esperan lluvias intensas, r\u00e1fagas, granizo y hasta 50 mm acumulados.<\/p>\n","protected":false},"author":5,"featured_media":60828,"comment_status":"closed","ping_status":"closed","sticky":false,"template":"","format":"standard","meta":{"footnotes":""},"categories":[37],"tags":[740,169,63,3109,182,2665],"_links":{"self":[{"href":"https:\/\/lt15concordia.com.ar\/index.php\/wp-json\/wp\/v2\/posts\/60829"}],"collection":[{"href":"https:\/\/lt15concordia.com.ar\/index.php\/wp-json\/wp\/v2\/posts"}],"about":[{"href":"https:\/\/lt15concordia.com.ar\/index.php\/wp-json\/wp\/v2\/types\/post"}],"author":[{"embeddable":true,"href":"https:\/\/lt15concordia.com.ar\/index.php\/wp-json\/wp\/v2\/users\/5"}],"replies":[{"embeddable":true,"href":"https:\/\/lt15concordia.com.ar\/index.php\/wp-json\/wp\/v2\/comments?post=60829"}],"version-history":[{"count":2,"href":"https:\/\/lt15concordia.com.ar\/index.php\/wp-json\/wp\/v2\/posts\/60829\/revisions"}],"predecessor-version":[{"id":60831,"href":"https:\/\/lt15concordia.com.ar\/index.php\/wp-json\/wp\/v2\/posts\/60829\/revisions\/60831"}],"wp:featuredmedia":[{"embeddable":true,"href":"https:\/\/lt15concordia.com.ar\/index.php\/wp-json\/wp\/v2\/media\/60828"}],"wp:attachment":[{"href":"https:\/\/lt15concordia.com.ar\/index.php\/wp-json\/wp\/v2\/media?parent=60829"}],"wp:term":[{"taxonomy":"category","embeddable":true,"href":"https:\/\/lt15concordia.com.ar\/index.php\/wp-json\/wp\/v2\/categories?post=60829"},{"taxonomy":"post_tag","embeddable":true,"href":"https:\/\/lt15concordia.com.ar\/index.php\/wp-json\/wp\/v2\/tags?post=60829"}],"curies":[{"name":"wp","href":"https:\/\/api.w.org\/{rel}","templated":true}]}}