{"id":60825,"date":"2026-09-02T18:34:46","date_gmt":"2026-09-02T21:34:46","guid":{"rendered":"https:\/\/lt15concordia.com.ar\/?p=60825"},"modified":"2026-09-02T18:34:57","modified_gmt":"2026-09-02T21:34:57","slug":"el-sistema-penal-federal-llega-a-entre-rios-en-noviembre-concordia-y-la-ruta-14","status":"publish","type":"post","link":"https:\/\/lt15concordia.com.ar\/index.php\/2026\/09\/02\/el-sistema-penal-federal-llega-a-entre-rios-en-noviembre-concordia-y-la-ruta-14\/","title":{"rendered":"El sistema penal federal llega a Entre R\u00edos en noviembre: Concordia y la Ruta 14, en el foco"},"content":{"rendered":"<p>Una fecha concreta y un cambio de fondo. A partir de las <strong>00:00 del 30 de noviembre de 2026<\/strong>, el <strong>C\u00f3digo Procesal Penal Federal<\/strong> entrar\u00e1 en vigencia en <strong>Entre R\u00edos<\/strong>, seg\u00fan lo establece la <strong>Resoluci\u00f3n 417\/2026<\/strong> del Ministerio de Justicia de la Naci\u00f3n, publicada este mi\u00e9rcoles en el Bolet\u00edn Oficial. No es un ajuste menor: es una transformaci\u00f3n estructural en la forma en que la Justicia Federal investiga y juzga los delitos en la provincia.<\/p>\n<p>El nuevo modelo acusatorio implica una divisi\u00f3n clara de roles que hoy est\u00e1n mezclados. <strong>El Ministerio P\u00fablico Fiscal investiga y acusa<\/strong>; los jueces, en cambio, pasan a ser garantes del proceso y dejan de tener protagonismo en la etapa de instrucci\u00f3n. A eso se suma una apuesta fuerte por las <strong>audiencias orales<\/strong> y procedimientos m\u00e1s \u00e1giles, con partes bien definidas en cada instancia. En papel, suena a modernizaci\u00f3n. En la pr\u00e1ctica, depender\u00e1 de cu\u00e1nto se avance en la capacitaci\u00f3n de magistrados, fiscales, defensores y equipos t\u00e9cnicos antes de que el reloj marque la medianoche del 30 de noviembre.<\/p>\n<p>La resoluci\u00f3n alcanza a todas las sedes de la Justicia Federal dentro de la jurisdicci\u00f3n de la <strong>C\u00e1mara Federal de Apelaciones de Paran\u00e1<\/strong>, que cubre la totalidad del territorio entrerriano. Las ciudades expresamente mencionadas son <strong>Paran\u00e1, Concepci\u00f3n del Uruguay, Concordia, Gualeguaych\u00fa y Victoria<\/strong>. Cinco sedes, un mismo plazo, y una coordinaci\u00f3n que involucra a la <strong>Corte Suprema, el Consejo de la Magistratura, la Procuraci\u00f3n General y la Defensor\u00eda General de la Naci\u00f3n<\/strong>, entre otros organismos.<\/p>\n<p>Pero hay un p\u00e1rrafo de la resoluci\u00f3n que llama la atenci\u00f3n por lo que dice y por lo que implica. El Ministerio de Justicia dedica varios considerandos a la <strong>posici\u00f3n geogr\u00e1fica de Entre R\u00edos<\/strong>: provincia fronteriza, con <strong>tres pasos terrestres y ocho pasos fluviales<\/strong> hacia la Rep\u00fablica Oriental del Uruguay. Y en ese contexto, aparece la <strong>Ruta Nacional 14<\/strong> con nombre y apellido, definida como un corredor vial de relevancia estrat\u00e9gica que conecta el litoral argentino con la denominada <strong>Triple Frontera<\/strong> entre Argentina, Brasil y Paraguay. Tambi\u00e9n se mencionan las rutas <strong>12, 18, 127 y 174<\/strong>.<\/p>\n<p>La lectura es directa: el Gobierno nacional entiende que Entre R\u00edos no es solo una provincia m\u00e1s para implementar el nuevo c\u00f3digo, sino un territorio clave para la <strong>persecuci\u00f3n de delitos federales<\/strong> vinculados al tr\u00e1nsito de personas y mercader\u00edas. Narcotr\u00e1fico, contrabando, trata: los delitos que transitan por esas rutas y esos pasos son exactamente los que la Justicia Federal tiene en su \u00f3rbita.<\/p>\n<p><strong>Concordia<\/strong> aparece mencionada de manera expresa, con \u00e9nfasis en su conexi\u00f3n con la <strong>Ruta 14<\/strong> y en el paso fronterizo que une la ciudad con <strong>Salto, Uruguay<\/strong>. No es un dato menor para una ciudad que convive cotidianamente con el movimiento transfronterizo y que tiene su propio juzgado federal.<\/p>\n<p>Desde ahora hasta el <strong>30 de noviembre<\/strong>, el cronograma prev\u00e9 capacitaciones, simulacros de audiencias y talleres de estandarizaci\u00f3n operativa. La transici\u00f3n no es autom\u00e1tica: requiere que cada actor del sistema entienda su nuevo rol antes de que el c\u00f3digo entre en vigor. Si la coordinaci\u00f3n funciona, Entre R\u00edos tendr\u00e1 en diciembre una Justicia Federal con otro ritmo. Si no, el cambio normativo llegar\u00e1 antes que la preparaci\u00f3n real.<\/p>\n<p><script type=\"application\/ld+json\">{\"@context\": \"https:\/\/schema.org\", \"@type\": \"NewsArticle\", \"headline\": \"El sistema penal federal llega a Entre R\u00edos en noviembre: Concordia y la Ruta 14, en el foco\", \"description\": \"Desde el 30 de noviembre, el C\u00f3digo Procesal Penal Federal regir\u00e1 en toda la provincia. Concordia y la Ruta 14 aparecen como puntos estrat\u00e9gicos.\", \"datePublished\": \"2026-09-02T18:34:56-03:00\", \"dateModified\": \"2026-09-02T18:34:56-03:00\", \"inLanguage\": \"es-AR\", \"articleSection\": \"politica\", \"author\": {\"@type\": \"Organization\", \"name\": \"Redaccion LT15 Concordia\", \"url\": \"https:\/\/lt15concordia.com.ar\"}, \"publisher\": {\"@type\": \"Organization\", \"name\": \"LT15 Concordia\"}, \"mainEntityOfPage\": {\"@type\": \"WebPage\", \"@id\": \"https:\/\/lt15concordia.com.ar\/index.php\/2026\/09\/02\/el-sistema-penal-federal-llega-a-entre-rios-en-noviembre-concordia-y-la-ruta-14\/\"}, \"image\": [\"https:\/\/www.diariojunio.com.ar\/wp-content\/uploads\/2026\/09\/tribunales_concordia_2.jpg\"]}<\/script><\/p>\n","protected":false},"excerpt":{"rendered":"<p>Desde el 30 de noviembre, el C\u00f3digo Procesal Penal Federal regir\u00e1 en toda la provincia. Concordia y la Ruta 14 aparecen como puntos estrat\u00e9gicos.<\/p>\n","protected":false},"author":5,"featured_media":60824,"comment_status":"closed","ping_status":"closed","sticky":false,"template":"","format":"standard","meta":{"footnotes":""},"categories":[37],"tags":[4714,41,63,686,678,4713],"_links":{"self":[{"href":"https:\/\/lt15concordia.com.ar\/index.php\/wp-json\/wp\/v2\/posts\/60825"}],"collection":[{"href":"https:\/\/lt15concordia.com.ar\/index.php\/wp-json\/wp\/v2\/posts"}],"about":[{"href":"https:\/\/lt15concordia.com.ar\/index.php\/wp-json\/wp\/v2\/types\/post"}],"author":[{"embeddable":true,"href":"https:\/\/lt15concordia.com.ar\/index.php\/wp-json\/wp\/v2\/users\/5"}],"replies":[{"embeddable":true,"href":"https:\/\/lt15concordia.com.ar\/index.php\/wp-json\/wp\/v2\/comments?post=60825"}],"version-history":[{"count":2,"href":"https:\/\/lt15concordia.com.ar\/index.php\/wp-json\/wp\/v2\/posts\/60825\/revisions"}],"predecessor-version":[{"id":60827,"href":"https:\/\/lt15concordia.com.ar\/index.php\/wp-json\/wp\/v2\/posts\/60825\/revisions\/60827"}],"wp:featuredmedia":[{"embeddable":true,"href":"https:\/\/lt15concordia.com.ar\/index.php\/wp-json\/wp\/v2\/media\/60824"}],"wp:attachment":[{"href":"https:\/\/lt15concordia.com.ar\/index.php\/wp-json\/wp\/v2\/media?parent=60825"}],"wp:term":[{"taxonomy":"category","embeddable":true,"href":"https:\/\/lt15concordia.com.ar\/index.php\/wp-json\/wp\/v2\/categories?post=60825"},{"taxonomy":"post_tag","embeddable":true,"href":"https:\/\/lt15concordia.com.ar\/index.php\/wp-json\/wp\/v2\/tags?post=60825"}],"curies":[{"name":"wp","href":"https:\/\/api.w.org\/{rel}","templated":true}]}}