{"id":60819,"date":"2026-09-02T17:32:34","date_gmt":"2026-09-02T20:32:34","guid":{"rendered":"https:\/\/lt15concordia.com.ar\/?p=60819"},"modified":"2026-09-02T17:32:45","modified_gmt":"2026-09-02T20:32:45","slug":"emergencia-industrial-en-entre-rios-el-proyecto-que-busca-frenar-la-caida","status":"publish","type":"post","link":"https:\/\/lt15concordia.com.ar\/index.php\/2026\/09\/02\/emergencia-industrial-en-entre-rios-el-proyecto-que-busca-frenar-la-caida\/","title":{"rendered":"Emergencia industrial en Entre R\u00edos: el proyecto que busca frenar la ca\u00edda"},"content":{"rendered":"<p>El dato es contundente y no admite eufemismos: entre <strong>noviembre de 2023 y mayo de 2026<\/strong> desaparecieron m\u00e1s de <strong>97.000 empleos industriales registrados<\/strong> y cerraron m\u00e1s de <strong>4.000 establecimientos manufactureros<\/strong> en Argentina. Con ese tel\u00f3n de fondo, el bloque <strong>M\u00e1s para Entre R\u00edos<\/strong> present\u00f3 este mi\u00e9rcoles, en el marco del <strong>D\u00eda de la Industria<\/strong>, un proyecto de ley para declarar la <strong>Emergencia del Sector Industrial<\/strong> en la provincia por un plazo inicial de <strong>12 meses<\/strong>, prorrogable seg\u00fan la evoluci\u00f3n de los indicadores de actividad, producci\u00f3n y empleo.<\/p>\n<p>La iniciativa no es un gesto simb\u00f3lico: tiene herramientas concretas. Propone crear el <strong>Certificado de Emergencia Industrial Entrerriana<\/strong>, destinado a empresas que acrediten ca\u00eddas en ventas o producci\u00f3n, dificultades para financiar capital de trabajo, aumentos extraordinarios de costos o riesgo cierto de <strong>suspensiones y despidos<\/strong>. Quienes accedan a ese certificado podr\u00edan beneficiarse de facilidades tributarias a trav\u00e9s de <strong>ATER<\/strong>, mecanismos para regularizar deudas y afrontar ejecuciones fiscales, l\u00edneas de financiamiento productivo y medidas vinculadas con los costos energ\u00e9ticos. Las <strong>micro, peque\u00f1as y medianas empresas<\/strong> ser\u00edan las destinatarias prioritarias.<\/p>\n<p>El diputado <strong>Enrique Cresto<\/strong> puso el foco en algo que los n\u00fameros no siempre capturan: muchas de las industrias golpeadas son <strong>empresas familiares que pasaron de generaci\u00f3n en generaci\u00f3n<\/strong>. Ese detalle no es menor. Habla de un tejido productivo construido durante d\u00e9cadas que hoy enfrenta la amenaza de desaparecer en meses. El proyecto surgi\u00f3 del di\u00e1logo directo con industriales de distintas localidades entrerrianas, lo que le da un anclaje territorial que no siempre tienen este tipo de iniciativas legislativas.<\/p>\n<p>El fundamento t\u00e9cnico del proyecto se apoya en un informe del <strong>Centro de Econom\u00eda Pol\u00edtica Argentina (CEPA)<\/strong>, elaborado con datos oficiales, que adem\u00e1s registr\u00f3 un nivel de utilizaci\u00f3n de la capacidad instalada industrial del <strong>59,1%<\/strong>. En otras palabras, la industria argentina est\u00e1 funcionando a poco m\u00e1s de la mitad de su potencial. Para <strong>Entre R\u00edos<\/strong>, con su perfil productivo ligado a la agroindustria, la madera, los c\u00edtricos y el sector alimenticio, esa cifra tiene consecuencias directas sobre el empleo y la econom\u00eda regional.<\/p>\n<p>La propuesta tambi\u00e9n contempla la creaci\u00f3n de una <strong>Comisi\u00f3n de Seguimiento de la Emergencia Industrial<\/strong> con participaci\u00f3n del Estado provincial, la Legislatura, trabajadores, c\u00e1maras empresariales y universidades. El organismo tendr\u00eda la funci\u00f3n de monitorear la evoluci\u00f3n del sector y aportar elementos para decidir si la emergencia se prorroga o no. Adem\u00e1s, el proyecto invita a los <strong>municipios y comunas entrerrianos<\/strong> a implementar medidas complementarias de alivio para las industrias alcanzadas. Antes de llegar al recinto, la iniciativa deber\u00e1 transitar el tratamiento en las comisiones de la <strong>C\u00e1mara de Diputados de Entre R\u00edos<\/strong>.<\/p>\n<p><script type=\"application\/ld+json\">{\"@context\": \"https:\/\/schema.org\", \"@type\": \"NewsArticle\", \"headline\": \"Emergencia industrial en Entre R\u00edos: el proyecto que busca frenar la ca\u00edda\", \"description\": \"El bloque peronista propone 12 meses de emergencia industrial en la provincia ante la p\u00e9rdida de 97.000 empleos y 4.000 establecimientos en el pa\u00eds.\", \"datePublished\": \"2026-09-02T17:32:44-03:00\", \"dateModified\": \"2026-09-02T17:32:44-03:00\", \"inLanguage\": \"es-AR\", \"articleSection\": \"economia\", \"author\": {\"@type\": \"Organization\", \"name\": \"Redaccion LT15 Concordia\", \"url\": \"https:\/\/lt15concordia.com.ar\"}, \"publisher\": {\"@type\": \"Organization\", \"name\": \"LT15 Concordia\"}, \"mainEntityOfPage\": {\"@type\": \"WebPage\", \"@id\": \"https:\/\/lt15concordia.com.ar\/index.php\/2026\/09\/02\/emergencia-industrial-en-entre-rios-el-proyecto-que-busca-frenar-la-caida\/\"}, \"image\": [\"https:\/\/www.diariojunio.com.ar\/wp-content\/uploads\/2026\/09\/diputados-pj-entre-rios-b.jpg\"]}<\/script><\/p>\n","protected":false},"excerpt":{"rendered":"<p>El bloque peronista propone 12 meses de emergencia industrial en la provincia ante la p\u00e9rdida de 97.000 empleos y 4.000 establecimientos en el pa\u00eds.<\/p>\n","protected":false},"author":5,"featured_media":60818,"comment_status":"closed","ping_status":"closed","sticky":false,"template":"","format":"standard","meta":{"footnotes":""},"categories":[37],"tags":[2153,65,63,609,2981,1646],"_links":{"self":[{"href":"https:\/\/lt15concordia.com.ar\/index.php\/wp-json\/wp\/v2\/posts\/60819"}],"collection":[{"href":"https:\/\/lt15concordia.com.ar\/index.php\/wp-json\/wp\/v2\/posts"}],"about":[{"href":"https:\/\/lt15concordia.com.ar\/index.php\/wp-json\/wp\/v2\/types\/post"}],"author":[{"embeddable":true,"href":"https:\/\/lt15concordia.com.ar\/index.php\/wp-json\/wp\/v2\/users\/5"}],"replies":[{"embeddable":true,"href":"https:\/\/lt15concordia.com.ar\/index.php\/wp-json\/wp\/v2\/comments?post=60819"}],"version-history":[{"count":2,"href":"https:\/\/lt15concordia.com.ar\/index.php\/wp-json\/wp\/v2\/posts\/60819\/revisions"}],"predecessor-version":[{"id":60821,"href":"https:\/\/lt15concordia.com.ar\/index.php\/wp-json\/wp\/v2\/posts\/60819\/revisions\/60821"}],"wp:featuredmedia":[{"embeddable":true,"href":"https:\/\/lt15concordia.com.ar\/index.php\/wp-json\/wp\/v2\/media\/60818"}],"wp:attachment":[{"href":"https:\/\/lt15concordia.com.ar\/index.php\/wp-json\/wp\/v2\/media?parent=60819"}],"wp:term":[{"taxonomy":"category","embeddable":true,"href":"https:\/\/lt15concordia.com.ar\/index.php\/wp-json\/wp\/v2\/categories?post=60819"},{"taxonomy":"post_tag","embeddable":true,"href":"https:\/\/lt15concordia.com.ar\/index.php\/wp-json\/wp\/v2\/tags?post=60819"}],"curies":[{"name":"wp","href":"https:\/\/api.w.org\/{rel}","templated":true}]}}