{"id":60792,"date":"2026-09-02T17:16:31","date_gmt":"2026-09-02T20:16:31","guid":{"rendered":"https:\/\/lt15concordia.com.ar\/?p=60792"},"modified":"2026-09-02T17:16:41","modified_gmt":"2026-09-02T20:16:41","slug":"la-municipalidad-de-concordia-capacita-para-brindar-contencion-psicosocial-ante-emergencias-y-situaciones-de-crisis","status":"publish","type":"post","link":"https:\/\/lt15concordia.com.ar\/index.php\/2026\/09\/02\/la-municipalidad-de-concordia-capacita-para-brindar-contencion-psicosocial-ante-emergencias-y-situaciones-de-crisis\/","title":{"rendered":"La Municipalidad de Concordia capacita para brindar contenci\u00f3n psicosocial ante emergencias y situaciones de crisis"},"content":{"rendered":"\n<p><strong>Organizada por la Municipalidad de Concordia y el Observatorio Social Argentino, se llev\u00f3 adelante una jornada de capacitaci\u00f3n sobre la implementaci\u00f3n de herramientas psicosociales para la comunidad de la que fueron parte agentes municipales, sanitarios, docentes, integrantes de fuerzas de seguridad y de organizaciones intermedias<\/strong><br>\u00a0<br>La actividad, coordinada por la Direcci\u00f3n de Pol\u00edticas de Fortalecimiento Social de la Secretar\u00eda de Salud, tuvo la disertaci\u00f3n del Dr. Dar\u00edo Gigena Parker, quien expuso las bases t\u00e9cnicas de los \u00a0protocolos internacionales de la OPS\/OMS, orientados a brindar herramientas pr\u00e1cticas de contenci\u00f3n psicosocial, apoyo mutuo y cuidado de los propios equipos frente a contingencias y situaciones de crisis que impactan en nuestra comunidad.<br>\u00a0<br>Durante la apertura, el intendente Francisco Azcu\u00e9 manifest\u00f3 que \u201ceste tipo de acciones forman parte de las pol\u00edticas p\u00fablicas que se llevan adelante desde la Municipalidad, fortaleciendo las acciones preventivas en temas sensibles que involucran a nuestra comunidad y para ello es importante contar con equipos de trabajo profesionalizados, principalmente nuestros agentes municipales. Haciendo esto, el impacto es directo en los vecinos\u201d.<br>\u00a0<br>\u201cAbordar estos temas, que son complejos para la sociedad, no es f\u00e1cil por eso sabemos que para hacerlo hay mucho por trabajar y aprender y como no se puede solucionar de un momento para otro, son necesarias estas instancias. No perdemos el foco que detr\u00e1s de cada situaci\u00f3n hay familias, hay personas\u00a0 por eso \u2013reiter\u00f3- es necesario tener equipos capacitados\u201d remarc\u00f3 Azcu\u00e9.<\/p>\n\n\n\n<figure class=\"wp-block-image size-full\"><img loading=\"lazy\" decoding=\"async\" width=\"2000\" height=\"1290\" src=\"https:\/\/lt15concordia.com.ar\/wp-content\/uploads\/2026\/09\/Fortalecimiento-2.jpg\" alt=\"\" class=\"wp-image-60794\" srcset=\"https:\/\/lt15concordia.com.ar\/wp-content\/uploads\/2026\/09\/Fortalecimiento-2.jpg 2000w, https:\/\/lt15concordia.com.ar\/wp-content\/uploads\/2026\/09\/Fortalecimiento-2-300x194.jpg 300w, https:\/\/lt15concordia.com.ar\/wp-content\/uploads\/2026\/09\/Fortalecimiento-2-768x495.jpg 768w, https:\/\/lt15concordia.com.ar\/wp-content\/uploads\/2026\/09\/Fortalecimiento-2-1536x991.jpg 1536w, https:\/\/lt15concordia.com.ar\/wp-content\/uploads\/2026\/09\/Fortalecimiento-2-651x420.jpg 651w, https:\/\/lt15concordia.com.ar\/wp-content\/uploads\/2026\/09\/Fortalecimiento-2-696x449.jpg 696w, https:\/\/lt15concordia.com.ar\/wp-content\/uploads\/2026\/09\/Fortalecimiento-2-1068x689.jpg 1068w, https:\/\/lt15concordia.com.ar\/wp-content\/uploads\/2026\/09\/Fortalecimiento-2-1920x1238.jpg 1920w\" sizes=\"(max-width: 2000px) 100vw, 2000px\" \/><\/figure>\n\n\n\n<p><br>\u00a0<br>Por su parte el secretario de Salud Diego Saur\u00e9 destac\u00f3 en primer lugar el trabajo que lleva adelante Fortalecimiento Social \u201cabordando una problem\u00e1tica muy dif\u00edcil y lo hacen todos los d\u00edas con vocaci\u00f3n. Concordia es una de las pocas ciudades que cuenta con un lugar para la atenci\u00f3n de salud mental de forma ambulatoria\u201d a\u00f1adiendo que la ciudad se est\u00e1 preparando para el impacto que tendr\u00eda el fen\u00f3meno de El Ni\u00f1o, donde la contenci\u00f3n psicosocial tendr\u00e1 un papel preponderante.<br>\u00a0<br>La directora de Pol\u00edticas de Fortalecimiento Social Anabel Vergara resalt\u00f3 que \u201cesta gesti\u00f3n se viene ocupando activamente de la salud mental y del bienestar emocional de los vecinos. Una muestra de ello es la implementaci\u00f3n de un nuevo programa de prevenci\u00f3n, adem\u00e1s de avanzar en un convenio con la Direcci\u00f3n Departamental de Escuelas para llevar la prevenci\u00f3n directamente a las aulas\u201d.<br>\u00a0<br>En ese sentido anunci\u00f3 que el pr\u00f3ximo 19 de septiembre se realizar\u00e1 el Primer Encuentro Binacional de Prevenci\u00f3n del Suicidio, \u201cconsolidando una agenda que aborda estas problem\u00e1ticas con seriedad y articulaci\u00f3n internacional. Trabajamos para transformar la escucha en acciones concretas y contribuir de esta manera al cuidado del bienestar emocional\u201d.<br>\u00a0<br>Durante la capacitaci\u00f3n se hizo la entrega de certificados a los preventores comunitarios y agentes que completaron los trayectos formativos precedentes.<\/p>\n\n\n\n<p>Fuente: Municipalidad de Concordia<\/p>\n","protected":false},"excerpt":{"rendered":"<p>Organizada por la Municipalidad de Concordia y el Observatorio Social Argentino, se llev\u00f3 adelante una jornada de capacitaci\u00f3n sobre la implementaci\u00f3n de herramientas psicosociales para la comunidad de la que fueron parte agentes municipales, sanitarios, docentes, integrantes de fuerzas de seguridad y de organizaciones intermedias\u00a0La actividad, coordinada por la Direcci\u00f3n de Pol\u00edticas de Fortalecimiento Social [&hellip;]<\/p>\n","protected":false},"author":5,"featured_media":60793,"comment_status":"open","ping_status":"open","sticky":false,"template":"","format":"standard","meta":{"footnotes":""},"categories":[30],"tags":[],"_links":{"self":[{"href":"https:\/\/lt15concordia.com.ar\/index.php\/wp-json\/wp\/v2\/posts\/60792"}],"collection":[{"href":"https:\/\/lt15concordia.com.ar\/index.php\/wp-json\/wp\/v2\/posts"}],"about":[{"href":"https:\/\/lt15concordia.com.ar\/index.php\/wp-json\/wp\/v2\/types\/post"}],"author":[{"embeddable":true,"href":"https:\/\/lt15concordia.com.ar\/index.php\/wp-json\/wp\/v2\/users\/5"}],"replies":[{"embeddable":true,"href":"https:\/\/lt15concordia.com.ar\/index.php\/wp-json\/wp\/v2\/comments?post=60792"}],"version-history":[{"count":1,"href":"https:\/\/lt15concordia.com.ar\/index.php\/wp-json\/wp\/v2\/posts\/60792\/revisions"}],"predecessor-version":[{"id":60795,"href":"https:\/\/lt15concordia.com.ar\/index.php\/wp-json\/wp\/v2\/posts\/60792\/revisions\/60795"}],"wp:featuredmedia":[{"embeddable":true,"href":"https:\/\/lt15concordia.com.ar\/index.php\/wp-json\/wp\/v2\/media\/60793"}],"wp:attachment":[{"href":"https:\/\/lt15concordia.com.ar\/index.php\/wp-json\/wp\/v2\/media?parent=60792"}],"wp:term":[{"taxonomy":"category","embeddable":true,"href":"https:\/\/lt15concordia.com.ar\/index.php\/wp-json\/wp\/v2\/categories?post=60792"},{"taxonomy":"post_tag","embeddable":true,"href":"https:\/\/lt15concordia.com.ar\/index.php\/wp-json\/wp\/v2\/tags?post=60792"}],"curies":[{"name":"wp","href":"https:\/\/api.w.org\/{rel}","templated":true}]}}