{"id":60783,"date":"2026-09-02T17:11:13","date_gmt":"2026-09-02T20:11:13","guid":{"rendered":"https:\/\/lt15concordia.com.ar\/?p=60783"},"modified":"2026-09-02T17:12:15","modified_gmt":"2026-09-02T20:12:15","slug":"frigerio-recibio-a-representantes-de-cra-y-farer-para-analizar-la-situacion-de-los-caminos-rurales","status":"publish","type":"post","link":"https:\/\/lt15concordia.com.ar\/index.php\/2026\/09\/02\/frigerio-recibio-a-representantes-de-cra-y-farer-para-analizar-la-situacion-de-los-caminos-rurales\/","title":{"rendered":"Frigerio recibi\u00f3 a representantes de CRA y Farer para analizar la situaci\u00f3n de los caminos rurales"},"content":{"rendered":"\n<p><strong>El gobernador de Entre R\u00edos, Rogelio Frigerio, se reuni\u00f3 este martes con representantes de la Confederaciones Rurales Argentinas (CRA) y de la Federaci\u00f3n de Asociaciones Rurales de Entre R\u00edos (Farer), con quienes analiz\u00f3 la situaci\u00f3n de los caminos rurales y las alternativas para mejorar su mantenimiento y transitabilidad<\/strong><\/p>\n\n\n\n<p>El encuentro se desarroll\u00f3 en el Sal\u00f3n de Acuerdos de Casa de Gobierno y participaron el ministro de Desarrollo Econ\u00f3mico, Guillermo Bernaudo; el secretario de Agricultura, Ganader\u00eda y Pesca, Ra\u00fal Boc-Ho; y el administrador de la Direcci\u00f3n Provincial de Vialidad (DPV), Exequiel Donda. Por parte de las entidades rurales estuvo presente el vicepresidente de CRA, Jos\u00e9 Colombatto, y el titular de Farer, Sergio Dalcol.<\/p>\n\n\n\n<p>Tras la reuni\u00f3n, Bernaudo explic\u00f3 que con las entidades abordaron la problem\u00e1tica de los caminos rurales para analizar propuestas y alternativas de trabajo. &#8220;El gobernador quer\u00eda entrar en detalle, trabajar propuestas alternativas y trabajar en conjunto. Pide tambi\u00e9n mucha informaci\u00f3n sobre c\u00f3mo es el estado de los caminos y la situaci\u00f3n de cada uno&#8221;, se\u00f1al\u00f3.<\/p>\n\n\n\n<p>En ese marco, el ministro destac\u00f3 que el objetivo del encuentro fue escuchar los planteos del sector y sumar propuestas al debate sobre las herramientas disponibles para mejorar la red vial rural, en un contexto en el que avanza en el Senado provincial el tratamiento del proyecto de ley de consorcios camineros.<\/p>\n\n\n\n<p>Bernaudo remarc\u00f3 adem\u00e1s que las propuestas de las entidades constituyen &#8220;una herramienta m\u00e1s&#8221; y que el objetivo central es alcanzar resultados concretos. &#8220;Lo importante no es la herramienta, sino encontrar los resultados&#8221;, sostuvo.<\/p>\n\n\n\n<p>Por su parte, Colombatto calific\u00f3 como positiva la reuni\u00f3n y valor\u00f3 la posibilidad de plantear directamente al gobernador las dificultades que atraviesan distintos sectores de la provincia. &#8220;Lo positivo es que el gobernador entiende el problema y nosotros, como dirigentes, queremos tambi\u00e9n ayudarlo a que haya caminos, porque el productor realmente lo viene necesitando hace mucho tiempo&#8221;, afirm\u00f3.<\/p>\n\n\n\n<p>El dirigente rural se\u00f1al\u00f3 que, si bien existen departamentos donde Vialidad est\u00e1 dando respuestas, tambi\u00e9n hay zonas que requieren una mayor atenci\u00f3n. En ese sentido, destac\u00f3 la importancia de que quienes utilizan diariamente los caminos puedan aportar informaci\u00f3n sobre los sectores que necesitan una intervenci\u00f3n m\u00e1s frecuente.<\/p>\n\n\n\n<p>Finalmente, Colombatto destac\u00f3 la importancia de fortalecer el trabajo conjunto entre las entidades rurales, el Estado y la DPV para establecer prioridades y brindar respuestas concretas a los productores entrerrianos. &#8220;La idea es trabajar en conjunto y poder decirle a Vialidad d\u00f3nde tendr\u00eda que tener m\u00e1s asiduidad&#8221;, concluy\u00f3.<\/p>\n\n\n\n<p>Fuente: Gobierno de Entre R\u00edos<\/p>\n","protected":false},"excerpt":{"rendered":"<p>El gobernador de Entre R\u00edos, Rogelio Frigerio, se reuni\u00f3 este martes con representantes de la Confederaciones Rurales Argentinas (CRA) y de la Federaci\u00f3n de Asociaciones Rurales de Entre R\u00edos (Farer), con quienes analiz\u00f3 la situaci\u00f3n de los caminos rurales y las alternativas para mejorar su mantenimiento y transitabilidad El encuentro se desarroll\u00f3 en el Sal\u00f3n [&hellip;]<\/p>\n","protected":false},"author":5,"featured_media":60785,"comment_status":"open","ping_status":"open","sticky":false,"template":"","format":"standard","meta":{"footnotes":""},"categories":[37],"tags":[],"_links":{"self":[{"href":"https:\/\/lt15concordia.com.ar\/index.php\/wp-json\/wp\/v2\/posts\/60783"}],"collection":[{"href":"https:\/\/lt15concordia.com.ar\/index.php\/wp-json\/wp\/v2\/posts"}],"about":[{"href":"https:\/\/lt15concordia.com.ar\/index.php\/wp-json\/wp\/v2\/types\/post"}],"author":[{"embeddable":true,"href":"https:\/\/lt15concordia.com.ar\/index.php\/wp-json\/wp\/v2\/users\/5"}],"replies":[{"embeddable":true,"href":"https:\/\/lt15concordia.com.ar\/index.php\/wp-json\/wp\/v2\/comments?post=60783"}],"version-history":[{"count":1,"href":"https:\/\/lt15concordia.com.ar\/index.php\/wp-json\/wp\/v2\/posts\/60783\/revisions"}],"predecessor-version":[{"id":60787,"href":"https:\/\/lt15concordia.com.ar\/index.php\/wp-json\/wp\/v2\/posts\/60783\/revisions\/60787"}],"wp:featuredmedia":[{"embeddable":true,"href":"https:\/\/lt15concordia.com.ar\/index.php\/wp-json\/wp\/v2\/media\/60785"}],"wp:attachment":[{"href":"https:\/\/lt15concordia.com.ar\/index.php\/wp-json\/wp\/v2\/media?parent=60783"}],"wp:term":[{"taxonomy":"category","embeddable":true,"href":"https:\/\/lt15concordia.com.ar\/index.php\/wp-json\/wp\/v2\/categories?post=60783"},{"taxonomy":"post_tag","embeddable":true,"href":"https:\/\/lt15concordia.com.ar\/index.php\/wp-json\/wp\/v2\/tags?post=60783"}],"curies":[{"name":"wp","href":"https:\/\/api.w.org\/{rel}","templated":true}]}}