{"id":60779,"date":"2026-09-02T16:31:33","date_gmt":"2026-09-02T19:31:33","guid":{"rendered":"https:\/\/lt15concordia.com.ar\/?p=60779"},"modified":"2026-09-02T16:31:44","modified_gmt":"2026-09-02T19:31:44","slug":"frigerio-firmo-el-fin-de-las-pensiones-vitalicias-para-gobernadores","status":"publish","type":"post","link":"https:\/\/lt15concordia.com.ar\/index.php\/2026\/09\/02\/frigerio-firmo-el-fin-de-las-pensiones-vitalicias-para-gobernadores\/","title":{"rendered":"Frigerio firm\u00f3 el fin de las pensiones vitalicias para gobernadores"},"content":{"rendered":"<p>Despu\u00e9s de m\u00e1s de seis d\u00e9cadas, <strong>Entre R\u00edos<\/strong> le puso fin a uno de los privilegios m\u00e1s resistidos de la pol\u00edtica provincial: las <strong>pensiones vitalicias para gobernadores y vicegobernadores<\/strong>. La medida se convirti\u00f3 en ley y el propio gobernador <strong>Rogelio Frigerio<\/strong> sali\u00f3 a ponerle el pecho.<\/p>\n<p>&#8220;<strong>Pusimos fin a m\u00e1s de 60 a\u00f1os de privilegios<\/strong>&#8220;, dijo Frigerio al referirse a la norma, en una declaraci\u00f3n que mezcla orgullo pol\u00edtico con una cuota de autocr\u00edtica institucional. Porque no es menor el gesto: el mandatario confirm\u00f3 que <strong>\u00e9l mismo y la vicegobernadora Alicia Aluani<\/strong> ser\u00e1n los primeros en quedar alcanzados por la eliminaci\u00f3n.<\/p>\n<p>La pensi\u00f3n vitalicia era uno de esos beneficios que la clase pol\u00edtica se hab\u00eda otorgado a s\u00ed misma y que sobrevivi\u00f3 a d\u00e9cadas de crisis, ajustes y reclamos ciudadanos. <strong>M\u00e1s de 60 a\u00f1os<\/strong> de vigencia hablan de una inercia institucional que ninguna gesti\u00f3n anterior hab\u00eda querido o podido romper. Que sea la propia administraci\u00f3n la que impulse su derogaci\u00f3n, y que afecte directamente a quienes hoy gobiernan, le da a la medida un peso pol\u00edtico que no es habitual en este tipo de reformas.<\/p>\n<p>El debate sobre los <strong>privilegios de la pol\u00edtica<\/strong> no es nuevo en <strong>Entre R\u00edos<\/strong> ni en el resto del pa\u00eds. Pero pocas veces una decisi\u00f3n de este tipo llega con nombre y apellido de los afectados ya en el primer p\u00e1rrafo de la norma. Frigerio y Aluani no van a cobrar esa pensi\u00f3n cuando dejen el cargo, y eso, en el contexto pol\u00edtico actual, tiene un valor simb\u00f3lico concreto.<\/p>\n<p>La ley ya est\u00e1 vigente y marca un antes y un despu\u00e9s en el esquema de beneficios post-mandato para los m\u00e1ximos representantes del <strong>Poder Ejecutivo provincial<\/strong>.<\/p>\n<p><script type=\"application\/ld+json\">{\"@context\": \"https:\/\/schema.org\", \"@type\": \"NewsArticle\", \"headline\": \"Frigerio firm\u00f3 el fin de las pensiones vitalicias para gobernadores\", \"description\": \"La eliminaci\u00f3n de pensiones vitalicias para gobernadores y vicegobernadores se convirti\u00f3 en ley. Frigerio dijo que se terminaron 'm\u00e1s de 60 a\u00f1os de privilegios'.\", \"datePublished\": \"2026-09-02T16:31:44-03:00\", \"dateModified\": \"2026-09-02T16:31:44-03:00\", \"inLanguage\": \"es-AR\", \"articleSection\": \"politica\", \"author\": {\"@type\": \"Organization\", \"name\": \"Redaccion LT15 Concordia\", \"url\": \"https:\/\/lt15concordia.com.ar\"}, \"publisher\": {\"@type\": \"Organization\", \"name\": \"LT15 Concordia\"}, \"mainEntityOfPage\": {\"@type\": \"WebPage\", \"@id\": \"https:\/\/lt15concordia.com.ar\/index.php\/2026\/09\/02\/frigerio-firmo-el-fin-de-las-pensiones-vitalicias-para-gobernadores\/\"}, \"image\": [\"https:\/\/elonce-media.elonce.com\/fotos\/2026\/08\/05\/m_1785971583_70440.webp\"]}<\/script><\/p>\n","protected":false},"excerpt":{"rendered":"<p>La eliminaci\u00f3n de pensiones vitalicias para gobernadores y vicegobernadores se convirti\u00f3 en ley. Frigerio dijo que se terminaron &#8216;m\u00e1s de 60 a\u00f1os de privilegios&#8217;.<\/p>\n","protected":false},"author":5,"featured_media":60778,"comment_status":"closed","ping_status":"closed","sticky":false,"template":"","format":"standard","meta":{"footnotes":""},"categories":[37],"tags":[4708,63,837,2201,4707],"_links":{"self":[{"href":"https:\/\/lt15concordia.com.ar\/index.php\/wp-json\/wp\/v2\/posts\/60779"}],"collection":[{"href":"https:\/\/lt15concordia.com.ar\/index.php\/wp-json\/wp\/v2\/posts"}],"about":[{"href":"https:\/\/lt15concordia.com.ar\/index.php\/wp-json\/wp\/v2\/types\/post"}],"author":[{"embeddable":true,"href":"https:\/\/lt15concordia.com.ar\/index.php\/wp-json\/wp\/v2\/users\/5"}],"replies":[{"embeddable":true,"href":"https:\/\/lt15concordia.com.ar\/index.php\/wp-json\/wp\/v2\/comments?post=60779"}],"version-history":[{"count":2,"href":"https:\/\/lt15concordia.com.ar\/index.php\/wp-json\/wp\/v2\/posts\/60779\/revisions"}],"predecessor-version":[{"id":60781,"href":"https:\/\/lt15concordia.com.ar\/index.php\/wp-json\/wp\/v2\/posts\/60779\/revisions\/60781"}],"wp:featuredmedia":[{"embeddable":true,"href":"https:\/\/lt15concordia.com.ar\/index.php\/wp-json\/wp\/v2\/media\/60778"}],"wp:attachment":[{"href":"https:\/\/lt15concordia.com.ar\/index.php\/wp-json\/wp\/v2\/media?parent=60779"}],"wp:term":[{"taxonomy":"category","embeddable":true,"href":"https:\/\/lt15concordia.com.ar\/index.php\/wp-json\/wp\/v2\/categories?post=60779"},{"taxonomy":"post_tag","embeddable":true,"href":"https:\/\/lt15concordia.com.ar\/index.php\/wp-json\/wp\/v2\/tags?post=60779"}],"curies":[{"name":"wp","href":"https:\/\/api.w.org\/{rel}","templated":true}]}}