{"id":60773,"date":"2026-09-02T15:32:33","date_gmt":"2026-09-02T18:32:33","guid":{"rendered":"https:\/\/lt15concordia.com.ar\/?p=60773"},"modified":"2026-09-02T15:32:48","modified_gmt":"2026-09-02T18:32:48","slug":"el-ficer-2026-le-abre-la-puerta-al-cine-de-terror-y-fantasia","status":"publish","type":"post","link":"https:\/\/lt15concordia.com.ar\/index.php\/2026\/09\/02\/el-ficer-2026-le-abre-la-puerta-al-cine-de-terror-y-fantasia\/","title":{"rendered":"El FICER 2026 le abre la puerta al cine de terror y fantas\u00eda"},"content":{"rendered":"<p>El <strong>FICER<\/strong> viene creciendo edici\u00f3n a edici\u00f3n, y la octava no va a ser la excepci\u00f3n. El festival entrerriano de cine acaba de definir las secciones que integrar\u00e1n su programaci\u00f3n <strong>2026<\/strong> y la novedad que m\u00e1s ruido hace es la incorporaci\u00f3n de un espacio dedicado al <strong>cine fant\u00e1stico y de terror<\/strong>, un g\u00e9nero que raramente tiene lugar en los festivales del interior del pa\u00eds.<\/p>\n<p>La decisi\u00f3n no es menor. Abrir una secci\u00f3n espec\u00edfica para el fant\u00e1stico implica reconocer que hay una audiencia, una producci\u00f3n y un lenguaje cinematogr\u00e1fico que merecen un lugar propio en la grilla. <strong>Entre R\u00edos<\/strong> se suma as\u00ed a una tendencia que viene ganando terreno en festivales de todo el mundo, donde el terror de autor y la ciencia ficci\u00f3n ya no son g\u00e9neros de segunda fila sino espacios de experimentaci\u00f3n y reflexi\u00f3n.<\/p>\n<p>El festival se realizar\u00e1 del <strong>24 al 29 de noviembre<\/strong> en la provincia y tendr\u00e1 a la <strong>fauna entrerriana<\/strong> como parte de su identidad visual, un gui\u00f1o a lo local que el FICER viene cultivando como sello propio. Esa decisi\u00f3n de anclarse en el territorio \u2014en sus animales, sus paisajes, su cultura\u2014 es lo que diferencia a este festival de tantos otros que podr\u00edan celebrarse en cualquier ciudad del pa\u00eds.<\/p>\n<p>Con esta octava edici\u00f3n, el FICER consolida su lugar en el mapa cultural de la provincia y demuestra que el cine regional tiene mucho m\u00e1s para decir de lo que el circuito comercial suele dejar ver.<\/p>\n<p><script type=\"application\/ld+json\">{\"@context\": \"https:\/\/schema.org\", \"@type\": \"NewsArticle\", \"headline\": \"El FICER 2026 le abre la puerta al cine de terror y fantas\u00eda\", \"description\": \"El festival entrerriano de cine suma una secci\u00f3n dedicada al g\u00e9nero fant\u00e1stico y de terror en su octava edici\u00f3n, que se realizar\u00e1 del 24 al 29 de noviembre.\", \"datePublished\": \"2026-09-02T15:32:47-03:00\", \"dateModified\": \"2026-09-02T15:32:47-03:00\", \"inLanguage\": \"es-AR\", \"articleSection\": \"cultura\", \"author\": {\"@type\": \"Organization\", \"name\": \"Redaccion LT15 Concordia\", \"url\": \"https:\/\/lt15concordia.com.ar\"}, \"publisher\": {\"@type\": \"Organization\", \"name\": \"LT15 Concordia\"}, \"mainEntityOfPage\": {\"@type\": \"WebPage\", \"@id\": \"https:\/\/lt15concordia.com.ar\/index.php\/2026\/09\/02\/el-ficer-2026-le-abre-la-puerta-al-cine-de-terror-y-fantasia\/\"}, \"image\": [\"https:\/\/elonce-media.elonce.com\/fotos\/2026\/09\/02\/m_1788371419_5668.webp\"]}<\/script><\/p>\n","protected":false},"excerpt":{"rendered":"<p>El festival entrerriano de cine suma una secci\u00f3n dedicada al g\u00e9nero fant\u00e1stico y de terror en su octava edici\u00f3n, que se realizar\u00e1 del 24 al 29 de noviembre.<\/p>\n","protected":false},"author":5,"featured_media":60772,"comment_status":"closed","ping_status":"closed","sticky":false,"template":"","format":"standard","meta":{"footnotes":""},"categories":[37],"tags":[634,4705,298,63,4218,633],"_links":{"self":[{"href":"https:\/\/lt15concordia.com.ar\/index.php\/wp-json\/wp\/v2\/posts\/60773"}],"collection":[{"href":"https:\/\/lt15concordia.com.ar\/index.php\/wp-json\/wp\/v2\/posts"}],"about":[{"href":"https:\/\/lt15concordia.com.ar\/index.php\/wp-json\/wp\/v2\/types\/post"}],"author":[{"embeddable":true,"href":"https:\/\/lt15concordia.com.ar\/index.php\/wp-json\/wp\/v2\/users\/5"}],"replies":[{"embeddable":true,"href":"https:\/\/lt15concordia.com.ar\/index.php\/wp-json\/wp\/v2\/comments?post=60773"}],"version-history":[{"count":2,"href":"https:\/\/lt15concordia.com.ar\/index.php\/wp-json\/wp\/v2\/posts\/60773\/revisions"}],"predecessor-version":[{"id":60775,"href":"https:\/\/lt15concordia.com.ar\/index.php\/wp-json\/wp\/v2\/posts\/60773\/revisions\/60775"}],"wp:featuredmedia":[{"embeddable":true,"href":"https:\/\/lt15concordia.com.ar\/index.php\/wp-json\/wp\/v2\/media\/60772"}],"wp:attachment":[{"href":"https:\/\/lt15concordia.com.ar\/index.php\/wp-json\/wp\/v2\/media?parent=60773"}],"wp:term":[{"taxonomy":"category","embeddable":true,"href":"https:\/\/lt15concordia.com.ar\/index.php\/wp-json\/wp\/v2\/categories?post=60773"},{"taxonomy":"post_tag","embeddable":true,"href":"https:\/\/lt15concordia.com.ar\/index.php\/wp-json\/wp\/v2\/tags?post=60773"}],"curies":[{"name":"wp","href":"https:\/\/api.w.org\/{rel}","templated":true}]}}