{"id":60758,"date":"2026-09-02T14:31:56","date_gmt":"2026-09-02T17:31:56","guid":{"rendered":"https:\/\/lt15concordia.com.ar\/?p=60758"},"modified":"2026-09-02T14:32:07","modified_gmt":"2026-09-02T17:32:07","slug":"oser-la-vocal-de-upcn-cruzo-al-vicepresidente-por-culpar-a-los-trabajadores","status":"publish","type":"post","link":"https:\/\/lt15concordia.com.ar\/index.php\/2026\/09\/02\/oser-la-vocal-de-upcn-cruzo-al-vicepresidente-por-culpar-a-los-trabajadores\/","title":{"rendered":"OSER: la vocal de UPCN cruz\u00f3 al vicepresidente por culpar a los trabajadores"},"content":{"rendered":"<p>Un cortocircuito en el Directorio de <strong>OSER<\/strong> sali\u00f3 a la luz esta semana, y la chispa la encendi\u00f3 el propio vicepresidente del organismo. <strong>Ricardo Garc\u00eda<\/strong> hizo declaraciones p\u00fablicas apuntando a supuestas &#8220;respuestas err\u00f3neas&#8221; de los empleados que atienden al p\u00fablico y anticip\u00f3 medidas para identificar a quienes brinden &#8220;informaci\u00f3n equivocada&#8221;. La respuesta no tard\u00f3 en llegar.<\/p>\n<p><strong>Flavia Maidana<\/strong>, vocal representante de los trabajadores del sector p\u00fablico y referente de <strong>UPCN<\/strong> en el organismo, sali\u00f3 a desmentir y a cuestionar esa postura con nombre y apellido. &#8220;Como vocal representante de los trabajadores del sector p\u00fablico no estoy de acuerdo con esa opini\u00f3n&#8221;, fue directa. Y fue m\u00e1s lejos: aclar\u00f3 que lo dicho por Garc\u00eda no cont\u00f3 con el consenso del cuerpo directivo ni refleja el criterio del Directorio, que habitualmente adopta sus decisiones de manera un\u00e1nime.<\/p>\n<p>El punto central del planteo de Maidana es claro: <strong>no corresponde trasladar a los empleados de atenci\u00f3n directa la responsabilidad por las dificultades que se generan entre OSER y sus afiliados<\/strong>. &#8220;Los trabajadores no son responsables de muchas de las cosas que ocurren en la relaci\u00f3n con el afiliado&#8221;, afirm\u00f3. Y agreg\u00f3 que, antes de se\u00f1alar a quienes est\u00e1n en la primera l\u00ednea de atenci\u00f3n, es necesario revisar tambi\u00e9n &#8220;las decisiones, directivas y procedimientos que determinan c\u00f3mo se desarrolla esa tarea&#8221;.<\/p>\n<p>El se\u00f1alamiento apunta hacia arriba: <strong>funcionarios, gerentes y directivos<\/strong> tambi\u00e9n cargan con responsabilidad en el funcionamiento del organismo, y Maidana los llam\u00f3 a &#8220;predicar con el ejemplo&#8221;. &#8220;Hay que revisar tambi\u00e9n las directivas y la forma en que se encaran las cuestiones vinculadas con las prestaciones&#8221;, plante\u00f3 sin rodeos.<\/p>\n<p>En paralelo al cruce, la vocal destac\u00f3 que desde su vocal\u00eda se est\u00e1 impulsando el <strong>Programa de Capacitaci\u00f3n Continua<\/strong> para los agentes de las distintas sedes, una iniciativa que ya cuenta con aprobaci\u00f3n del Directorio y que busca fortalecer la atenci\u00f3n directa y mejorar el v\u00ednculo cotidiano entre empleados y afiliados. Un camino que, seg\u00fan Maidana, es muy distinto al de se\u00f1alar individualmente a los trabajadores.<\/p>\n<p>El episodio deja en evidencia tensiones internas en la conducci\u00f3n de <strong>OSER<\/strong> que, por ahora, se ventilan en los medios antes que en la sala de reuniones. Maidana fue expl\u00edcita: el lugar para definir estas cuestiones es una reuni\u00f3n formal de Directorio, y a partir de ah\u00ed se tomar\u00e1n las decisiones que correspondan.<\/p>\n<p><script type=\"application\/ld+json\">{\"@context\": \"https:\/\/schema.org\", \"@type\": \"NewsArticle\", \"headline\": \"OSER: la vocal de UPCN cruz\u00f3 al vicepresidente por culpar a los trabajadores\", \"description\": \"Flavia Maidana rechaz\u00f3 las declaraciones de Ricardo Garc\u00eda y advirti\u00f3 que la postura no fue consensuada por el Directorio del organismo.\", \"datePublished\": \"2026-09-02T14:32:06-03:00\", \"dateModified\": \"2026-09-02T14:32:06-03:00\", \"inLanguage\": \"es-AR\", \"articleSection\": \"politica\", \"author\": {\"@type\": \"Organization\", \"name\": \"Redaccion LT15 Concordia\", \"url\": \"https:\/\/lt15concordia.com.ar\"}, \"publisher\": {\"@type\": \"Organization\", \"name\": \"LT15 Concordia\"}, \"mainEntityOfPage\": {\"@type\": \"WebPage\", \"@id\": \"https:\/\/lt15concordia.com.ar\/index.php\/2026\/09\/02\/oser-la-vocal-de-upcn-cruzo-al-vicepresidente-por-culpar-a-los-trabajadores\/\"}, \"image\": [\"https:\/\/www.diariojunio.com.ar\/wp-content\/uploads\/2026\/09\/flavia-maidana-.jpg\"]}<\/script><\/p>\n","protected":false},"excerpt":{"rendered":"<p>Flavia Maidana rechaz\u00f3 las declaraciones de Ricardo Garc\u00eda y advirti\u00f3 que la postura no fue consensuada por el Directorio del organismo.<\/p>\n","protected":false},"author":5,"featured_media":60757,"comment_status":"closed","ping_status":"closed","sticky":false,"template":"","format":"standard","meta":{"footnotes":""},"categories":[37],"tags":[4701,63,2306,2330,2071,190],"_links":{"self":[{"href":"https:\/\/lt15concordia.com.ar\/index.php\/wp-json\/wp\/v2\/posts\/60758"}],"collection":[{"href":"https:\/\/lt15concordia.com.ar\/index.php\/wp-json\/wp\/v2\/posts"}],"about":[{"href":"https:\/\/lt15concordia.com.ar\/index.php\/wp-json\/wp\/v2\/types\/post"}],"author":[{"embeddable":true,"href":"https:\/\/lt15concordia.com.ar\/index.php\/wp-json\/wp\/v2\/users\/5"}],"replies":[{"embeddable":true,"href":"https:\/\/lt15concordia.com.ar\/index.php\/wp-json\/wp\/v2\/comments?post=60758"}],"version-history":[{"count":2,"href":"https:\/\/lt15concordia.com.ar\/index.php\/wp-json\/wp\/v2\/posts\/60758\/revisions"}],"predecessor-version":[{"id":60760,"href":"https:\/\/lt15concordia.com.ar\/index.php\/wp-json\/wp\/v2\/posts\/60758\/revisions\/60760"}],"wp:featuredmedia":[{"embeddable":true,"href":"https:\/\/lt15concordia.com.ar\/index.php\/wp-json\/wp\/v2\/media\/60757"}],"wp:attachment":[{"href":"https:\/\/lt15concordia.com.ar\/index.php\/wp-json\/wp\/v2\/media?parent=60758"}],"wp:term":[{"taxonomy":"category","embeddable":true,"href":"https:\/\/lt15concordia.com.ar\/index.php\/wp-json\/wp\/v2\/categories?post=60758"},{"taxonomy":"post_tag","embeddable":true,"href":"https:\/\/lt15concordia.com.ar\/index.php\/wp-json\/wp\/v2\/tags?post=60758"}],"curies":[{"name":"wp","href":"https:\/\/api.w.org\/{rel}","templated":true}]}}