{"id":60750,"date":"2026-09-02T13:31:40","date_gmt":"2026-09-02T16:31:40","guid":{"rendered":"https:\/\/lt15concordia.com.ar\/?p=60750"},"modified":"2026-09-02T13:31:51","modified_gmt":"2026-09-02T16:31:51","slug":"peor-que-2001-el-drama-del-consumo-en-concordia-segun-supermercadistas","status":"publish","type":"post","link":"https:\/\/lt15concordia.com.ar\/index.php\/2026\/09\/02\/peor-que-2001-el-drama-del-consumo-en-concordia-segun-supermercadistas\/","title":{"rendered":"&#8220;Peor que 2001&#8221;: el drama del consumo en Concordia seg\u00fan supermercadistas"},"content":{"rendered":"<p>Las cifras no mienten y el cierre de un local tampoco. <strong>Concordia<\/strong> atraviesa una ca\u00edda del consumo masivo que, seg\u00fan referentes del sector supermercadista, supera en gravedad a la crisis de <strong>2001<\/strong>. No es una frase de campa\u00f1a ni una hip\u00e9rbole: es el diagn\u00f3stico de quienes est\u00e1n detr\u00e1s del mostrador todos los d\u00edas.<\/p>\n<p><strong>Laura Kobrinsky<\/strong>, presidenta del <strong>Centro de Autoservicios y Supermercados de Concordia<\/strong>, fue directa: la venta est\u00e1 muy retra\u00edda, el consumo cambi\u00f3, y la disponibilidad para comprar productos masivos se desplom\u00f3. En n\u00fameros concretos, la ca\u00edda supera el <strong>10% en unidades<\/strong> respecto de <strong>2025<\/strong>. Y eso, aclar\u00f3, es peor que lo que registran otras regiones del pa\u00eds: <strong>Entre R\u00edos tiene una performance m\u00e1s desfavorable que otras zonas<\/strong>, seg\u00fan el an\u00e1lisis que Kobrinsky realiza junto a colegas en los encuentros de la <strong>C\u00e1mara Argentina de Supermercados (CAS)<\/strong> y de la <strong>Federaci\u00f3n Argentina de Supermercados y Autoservicios (FASA)<\/strong>.<\/p>\n<p>El caso que dispar\u00f3 el debate fue el cierre de una sucursal de <strong>La Bodega<\/strong>, un comercio que abri\u00f3 sus puertas en <strong>1996<\/strong> y sobrevivi\u00f3 varias etapas cr\u00edticas. <strong>Javier Fratichelli<\/strong>, uno de sus due\u00f1os, explic\u00f3 que la decisi\u00f3n no obedeci\u00f3 a un solo factor. \u00abDeber\u00edamos aumentar las ventas un <strong>100%<\/strong> para cubrir los gastos, tarea imposible. En su defecto, bajar los gastos a la mitad. Tambi\u00e9n imposible\u00bb, se\u00f1al\u00f3. Las cargas sociales, los impuestos y los costos bancarios derivados de los descubiertos acumulados formaron una pinza que no tuvo salida. El local ten\u00eda <strong>seis empleados<\/strong>: cuatro fueron indemnizados y dos reabsorbidos en la sucursal de <strong>avenida Gerardo Yoya y Lamadrid<\/strong>, aunque el propio Fratichelli admiti\u00f3 que \u00abla ve dif\u00edcil\u00bb sostener esa reincorporaci\u00f3n.<\/p>\n<p>El cambio en el comportamiento del consumidor es tan marcado que ya tiene nombre propio en el sector. Los clientes dejaron de hacer la compra semanal o mensual: ahora van al supermercado <strong>a diario, con una lista m\u00ednima<\/strong>, lo estrictamente necesario para el d\u00eda. \u00abAntes entraban por un art\u00edculo y se tentaban con otros. Ahora viene a buscar lo del d\u00eda y no se tienta as\u00ed sea una oportunidad\u00bb, grafic\u00f3 Kobrinsky. Las promociones, que deber\u00edan ser una herramienta ocasional, se volvieron permanentes: todos los comercios del rubro compiten con descuentos para retener su porci\u00f3n del mercado, y los clientes ya aprendieron <strong>qu\u00e9 d\u00eda comprar y cu\u00e1nto<\/strong>.<\/p>\n<p>Pero hay otro frente que Kobrinsky no esquiv\u00f3: la <strong>competencia desleal<\/strong>. Se\u00f1al\u00f3 que hay comercios que operan totalmente al margen de la ley, sin emitir tickets, sin declarar ventas, sin pagar impuestos. \u00abLa diferencia entre declarar y no declarar es enorme. Es dif\u00edcil competir contra alguien que no te da un solo ticket\u00bb, dijo. La carga impositiva que soportan los comercios formales se vuelve una desventaja estructural frente a quienes directamente no la calculan en el precio.<\/p>\n<p>El panorama que describe el sector supermercadista de Concordia es el de una econom\u00eda dom\u00e9stica que ajusta hasta el \u00faltimo peso, donde la supervivencia de los comercios formales depende de aguantar un contexto que castiga a los que cumplen las reglas y premia, por omisi\u00f3n del Estado, a los que no.<\/p>\n<p><script type=\"application\/ld+json\">{\"@context\": \"https:\/\/schema.org\", \"@type\": \"NewsArticle\", \"headline\": \"\\\"Peor que 2001\\\": el drama del consumo en Concordia seg\u00fan supermercadistas\", \"description\": \"La presidenta del Centro de Autoservicios alert\u00f3 por una ca\u00edda de ventas superior al 10% en Concordia, mientras cierra una sucursal hist\u00f3rica del rubro.\", \"datePublished\": \"2026-09-02T13:31:50-03:00\", \"dateModified\": \"2026-09-02T13:31:50-03:00\", \"inLanguage\": \"es-AR\", \"articleSection\": \"economia\", \"author\": {\"@type\": \"Organization\", \"name\": \"Redaccion LT15 Concordia\", \"url\": \"https:\/\/lt15concordia.com.ar\"}, \"publisher\": {\"@type\": \"Organization\", \"name\": \"LT15 Concordia\"}, \"mainEntityOfPage\": {\"@type\": \"WebPage\", \"@id\": \"https:\/\/lt15concordia.com.ar\/index.php\/2026\/09\/02\/peor-que-2001-el-drama-del-consumo-en-concordia-segun-supermercadistas\/\"}, \"image\": [\"https:\/\/www.diariojunio.com.ar\/wp-content\/uploads\/2026\/09\/la-bodega.jpg\"]}<\/script><\/p>\n","protected":false},"excerpt":{"rendered":"<p>La presidenta del Centro de Autoservicios alert\u00f3 por una ca\u00edda de ventas superior al 10% en Concordia, mientras cierra una sucursal hist\u00f3rica del rubro.<\/p>\n","protected":false},"author":5,"featured_media":60749,"comment_status":"closed","ping_status":"closed","sticky":false,"template":"","format":"standard","meta":{"footnotes":""},"categories":[30],"tags":[630,41,894,2955,2256,876],"_links":{"self":[{"href":"https:\/\/lt15concordia.com.ar\/index.php\/wp-json\/wp\/v2\/posts\/60750"}],"collection":[{"href":"https:\/\/lt15concordia.com.ar\/index.php\/wp-json\/wp\/v2\/posts"}],"about":[{"href":"https:\/\/lt15concordia.com.ar\/index.php\/wp-json\/wp\/v2\/types\/post"}],"author":[{"embeddable":true,"href":"https:\/\/lt15concordia.com.ar\/index.php\/wp-json\/wp\/v2\/users\/5"}],"replies":[{"embeddable":true,"href":"https:\/\/lt15concordia.com.ar\/index.php\/wp-json\/wp\/v2\/comments?post=60750"}],"version-history":[{"count":2,"href":"https:\/\/lt15concordia.com.ar\/index.php\/wp-json\/wp\/v2\/posts\/60750\/revisions"}],"predecessor-version":[{"id":60752,"href":"https:\/\/lt15concordia.com.ar\/index.php\/wp-json\/wp\/v2\/posts\/60750\/revisions\/60752"}],"wp:featuredmedia":[{"embeddable":true,"href":"https:\/\/lt15concordia.com.ar\/index.php\/wp-json\/wp\/v2\/media\/60749"}],"wp:attachment":[{"href":"https:\/\/lt15concordia.com.ar\/index.php\/wp-json\/wp\/v2\/media?parent=60750"}],"wp:term":[{"taxonomy":"category","embeddable":true,"href":"https:\/\/lt15concordia.com.ar\/index.php\/wp-json\/wp\/v2\/categories?post=60750"},{"taxonomy":"post_tag","embeddable":true,"href":"https:\/\/lt15concordia.com.ar\/index.php\/wp-json\/wp\/v2\/tags?post=60750"}],"curies":[{"name":"wp","href":"https:\/\/api.w.org\/{rel}","templated":true}]}}